{"id":9261,"date":"2026-03-10T15:28:01","date_gmt":"2026-03-10T18:28:01","guid":{"rendered":"https:\/\/www.infraestruturameioambiente.sp.gov.br\/ipa\/?p=9261"},"modified":"2026-03-10T15:28:01","modified_gmt":"2026-03-10T18:28:01","slug":"mulheres-na-ciencia-2026-2a-edicao-amplia-debate-sobre-pesquisa-e-resiliencia-no-estado-de-sao-paulo","status":"publish","type":"post","link":"https:\/\/www.infraestruturameioambiente.sp.gov.br\/ipa\/2026\/03\/mulheres-na-ciencia-2026-2a-edicao-amplia-debate-sobre-pesquisa-e-resiliencia-no-estado-de-sao-paulo\/","title":{"rendered":"Mulheres na Ci\u00eancia 2026: 2\u00aa edi\u00e7\u00e3o amplia debate sobre pesquisa e resili\u00eancia no Estado de S\u00e3o Paulo"},"content":{"rendered":"<div class=\"entry-header\">\n<h3 class=\"sma_subtitulo\">Evento re\u00fane pesquisadoras de diferentes institui\u00e7\u00f5es para apresentar estudos e compartilhar experi\u00eancias sobre adapta\u00e7\u00e3o e sustentabilidade<\/h3>\n<\/div>\n<p>O Instituto de Pesquisas Ambientais (IPA), \u00f3rg\u00e3o da Secretaria de Meio Ambiente, Infraestrutura e Log\u00edstica (Semil), realiza no dia 19 de mar\u00e7o a segunda edi\u00e7\u00e3o do Simp\u00f3sio Mulheres na Ci\u00eancia, encontro que integra a agenda cient\u00edfica do Estado de S\u00e3o Paulo e refor\u00e7a o protagonismo feminino na produ\u00e7\u00e3o de conhecimento e na formula\u00e7\u00e3o de solu\u00e7\u00f5es para os desafios ambientais e urbanos contempor\u00e2neos.<\/p>\n<p>A iniciativa conta com apoio da Secretaria da Cultura, Economia e Ind\u00fastria Criativas (SCEIC) e re\u00fane contribui\u00e7\u00f5es t\u00e9cnicas e acad\u00eamicas de diferentes institui\u00e7\u00f5es p\u00fablicas, como a Secretaria de Agricultura e Abastecimento (SAA), a Secretaria de Ci\u00eancia, Tecnologia e Inova\u00e7\u00e3o (SCTI) \u2014 por meio da Universidade de S\u00e3o Paulo (USP) \u2014, a Cetesb, vinculada \u00e0 Semil, e o projeto Biota S\u00edntese, do Instituto de Estudos Avan\u00e7ados da USP (IEA-USP).<\/p>\n<p>A programa\u00e7\u00e3o re\u00fane pesquisadoras de diferentes institui\u00e7\u00f5es p\u00fablicas indicadas por seus \u00f3rg\u00e3os de origem e marca as celebra\u00e7\u00f5es do Dia Internacional das Mulheres e do Dia Internacional das Mulheres e Meninas na Ci\u00eancia. Mais do que uma homenagem, o simp\u00f3sio se consolida como espa\u00e7o de troca cient\u00edfica, reflex\u00e3o e articula\u00e7\u00e3o entre pesquisa e pol\u00edticas p\u00fablicas.<\/p>\n<p>Nesta edi\u00e7\u00e3o, o evento ter\u00e1 como tema \u201cResili\u00eancia Urbana\u201d, assunto central para o planejamento das cidades e para a adapta\u00e7\u00e3o \u00e0s mudan\u00e7as clim\u00e1ticas. A programa\u00e7\u00e3o mant\u00e9m o formato que marcou o sucesso da primeira edi\u00e7\u00e3o: apresenta\u00e7\u00f5es t\u00e9cnicas seguidas de roda de conversa, promovendo di\u00e1logo entre especialistas e ampliando o debate sobre inova\u00e7\u00e3o, sustentabilidade e caminhos para tornar os territ\u00f3rios mais preparados para eventos extremos e press\u00f5es ambientais.<\/p>\n<p>A abertura ser\u00e1 conduzida pela secret\u00e1ria da Semil, Nat\u00e1lia Resende, que destaca o papel estruturante da ci\u00eancia para o desenvolvimento paulista. \u201cFortalecer a pesquisa cient\u00edfica \u00e9 fortalecer a capacidade do Estado de planejar o futuro com responsabilidade. Estamos modernizando carreiras, realizando concursos e reestruturando \u00f3rg\u00e3os estrat\u00e9gicos para garantir que a ci\u00eancia p\u00fablica paulista seja cada vez mais valorizada, eficiente e conectada \u00e0s demandas da sociedade.\u201d<\/p>\n<p>Na sequ\u00eancia, o p\u00fablico conhecer\u00e1 as \u00e1reas de atua\u00e7\u00e3o das pesquisadoras convidadas e os projetos que v\u00eam contribuindo para ampliar o conhecimento sobre recursos h\u00eddricos, planejamento urbano e sustentabilidade.<\/p>\n<p>As apresenta\u00e7\u00f5es abrem caminho para uma roda de conversa mediada pela jornalista Giselle Garcia, que promete ampliar o debate, aproximar diferentes \u00e1reas do conhecimento e conectar ci\u00eancia, gest\u00e3o p\u00fablica e sociedade em torno de um desafio comum: como transformar pesquisa em solu\u00e7\u00f5es concretas para cidades mais resilientes.<\/p>\n<p>Confira a programa\u00e7\u00e3o:*<\/p>\n<p><strong>13h30 | Welcome coffee<\/strong><\/p>\n<p><strong>14h00 | Abertura oficial<\/strong><br \/>\nComo a pesquisa auxilia na composi\u00e7\u00e3o de pol\u00edticas p\u00fablicas dentro da resili\u00eancia urbana<br \/>\nNat\u00e1lia Resende, secret\u00e1ria de Estado de Meio Ambiente, Infraestrutura e Log\u00edstica de S\u00e3o Paulo<\/p>\n<p><strong>14h30 | Anatomia e Identifica\u00e7\u00e3o de Madeira<\/strong><br \/>\nSandra Monteiros Borges Florsheim, pesquisadora e coordenadora t\u00e9cnico-cient\u00edfica do Instituto de Pesquisas Ambientais (IPA)<\/p>\n<p><strong>14h40 | Estrutura e Diversidade da Vegeta\u00e7\u00e3o<\/strong><br \/>\nMaria Teresa Zugliani Toniato Botura, pesquisadora e chefe do Departamento de Restaura\u00e7\u00e3o Ecol\u00f3gica e Recupera\u00e7\u00e3o de \u00c1reas Degradadas do IPA<\/p>\n<p><strong>14h50 | Artesanais SP<\/strong><br \/>\nIniciativa que envolve a cria\u00e7\u00e3o de rotas do queijo, vinho e cacha\u00e7a, premia\u00e7\u00f5es de qualidade e capacita\u00e7\u00e3o de produtores rurais.<br \/>\nAdriana Verdi, pesquisadora e vice-diretora da Diretoria de Pesquisa dos Agroneg\u00f3cios da Apta<\/p>\n<p><strong>15h00 | Engenharia de Transportes e Infraestrutura<\/strong><br \/>\nDesenvolvimento de pesquisas que dialogam com pol\u00edticas p\u00fablicas de resili\u00eancia e sustentabilidade em infraestrutura de transportes<br \/>\nProfa. Dra. Liedi L\u00e9gi Bariani Bernucci, vice-reitora da Universidade de S\u00e3o Paulo (USP)<\/p>\n<p><strong>15h10 | Engenharia Ambiental e Planejamento Ambiental<\/strong><br \/>\nPesquisas que contribuem com evid\u00eancias cient\u00edficas para a qualifica\u00e7\u00e3o do debate sobre pol\u00edticas p\u00fablicas urbanas, com foco em cidades sustent\u00e1veis e resilientes<br \/>\nAmarilis Lucia Casteli Figueiredo Gallardo, professora associada do Departamento de Engenharia Hidr\u00e1ulica e Ambiental da Escola Polit\u00e9cnica da Universidade de S\u00e3o Paulo (USP)<\/p>\n<p><strong>15h20 | A Pesquisa Aplicada nos Laborat\u00f3rios de An\u00e1lises Ambientais como Suporte \u00e0 Gest\u00e3o Ambiental<\/strong><br \/>\nMaria In\u00eas Zanoli Sato, gerente do Departamento de An\u00e1lises Ambientais da Cetesb (Companhia Ambiental do Estado de S\u00e3o Paulo)<\/p>\n<p><strong>15h30 | Adapta\u00e7\u00e3o das cidades \u00e0s mudan\u00e7as clim\u00e1ticas e solu\u00e7\u00f5es baseadas na natureza<\/strong><br \/>\nLuciana Schwandner Ferreira, p\u00f3s-doutoranda do Projeto Biota S\u00edntese, do Instituto de Estudos Avan\u00e7ados da Universidade de S\u00e3o Paulo (IEA-USP)<\/p>\n<p><strong>15h40 | Roda de conversa<\/strong><br \/>\nModera\u00e7\u00e3o: Giselle Garcia, gerente de Comunica\u00e7\u00e3o da Semil<\/p>\n<p><strong>16h00 | Participa\u00e7\u00e3o dos convidados<\/strong><br \/>\nPerguntas direcionadas \u00e0s pesquisadoras<\/p>\n<p><strong>17h00 | Encerramento<\/strong><\/p>\n<p><em>*programa\u00e7\u00e3o sujeita a altera\u00e7\u00f5es<\/em><\/p>\n<p><strong>Servi\u00e7o<\/strong>: 2\u00aa edi\u00e7\u00e3o do Simp\u00f3sio Mulheres na Ci\u00eancia<br \/>\n<strong>Data:<\/strong>\u00a019\/03<br \/>\n<strong>Hor\u00e1rio:<\/strong>\u00a0das 13h30 \u00e0s 17h<br \/>\n<strong>Local Esta\u00e7\u00e3o Motiva Cultural<\/strong><br \/>\n<strong>Acesso 1:<\/strong>\u00a0Rua Mau\u00e1, 51 \u2013 Bom Retiro, S\u00e3o Paulo (SP)<br \/>\n<strong>Acesso 2:<\/strong>\u00a0Pra\u00e7a J\u00falio Prestes, 16 \u2013 Campos El\u00edseos, S\u00e3o Paulo (SP)<br \/>\n<strong>Estacionamento:<\/strong>\u00a0terceirizado<br \/>\n<strong>Entrada:<\/strong>\u00a0livre<\/p>\n","protected":false},"excerpt":{"rendered":"<p>Evento re\u00fane pesquisadoras de diferentes institui\u00e7\u00f5es para apresentar estudos e compartilhar experi\u00eancias sobre adapta\u00e7\u00e3o e sustentabilidade O Instituto de Pesquisas Ambientais (IPA), \u00f3rg\u00e3o da Secretaria de Meio Ambiente, Infraestrutura e [&hellip;]<\/p>\n","protected":false},"author":196,"featured_media":9262,"comment_status":"open","ping_status":"open","sticky":false,"template":"","format":"standard","meta":[],"categories":[2,5],"tags":[],"_links":{"self":[{"href":"https:\/\/www.infraestruturameioambiente.sp.gov.br\/ipa\/wp-json\/wp\/v2\/posts\/9261"}],"collection":[{"href":"https:\/\/www.infraestruturameioambiente.sp.gov.br\/ipa\/wp-json\/wp\/v2\/posts"}],"about":[{"href":"https:\/\/www.infraestruturameioambiente.sp.gov.br\/ipa\/wp-json\/wp\/v2\/types\/post"}],"author":[{"embeddable":true,"href":"https:\/\/www.infraestruturameioambiente.sp.gov.br\/ipa\/wp-json\/wp\/v2\/users\/196"}],"replies":[{"embeddable":true,"href":"https:\/\/www.infraestruturameioambiente.sp.gov.br\/ipa\/wp-json\/wp\/v2\/comments?post=9261"}],"version-history":[{"count":1,"href":"https:\/\/www.infraestruturameioambiente.sp.gov.br\/ipa\/wp-json\/wp\/v2\/posts\/9261\/revisions"}],"predecessor-version":[{"id":9263,"href":"https:\/\/www.infraestruturameioambiente.sp.gov.br\/ipa\/wp-json\/wp\/v2\/posts\/9261\/revisions\/9263"}],"wp:featuredmedia":[{"embeddable":true,"href":"https:\/\/www.infraestruturameioambiente.sp.gov.br\/ipa\/wp-json\/wp\/v2\/media\/9262"}],"wp:attachment":[{"href":"https:\/\/www.infraestruturameioambiente.sp.gov.br\/ipa\/wp-json\/wp\/v2\/media?parent=9261"}],"wp:term":[{"taxonomy":"category","embeddable":true,"href":"https:\/\/www.infraestruturameioambiente.sp.gov.br\/ipa\/wp-json\/wp\/v2\/categories?post=9261"},{"taxonomy":"post_tag","embeddable":true,"href":"https:\/\/www.infraestruturameioambiente.sp.gov.br\/ipa\/wp-json\/wp\/v2\/tags?post=9261"}],"curies":[{"name":"wp","href":"https:\/\/api.w.org\/{rel}","templated":true}]}}