{"id":2250,"date":"2022-11-28T09:57:47","date_gmt":"2022-11-28T11:57:47","guid":{"rendered":"https:\/\/www.infraestruturameioambiente.sp.gov.br\/ipa\/?p=2250"},"modified":"2022-12-01T15:37:11","modified_gmt":"2022-12-01T17:37:11","slug":"cnpq-divulga-resultado-preliminar-da-chamada-no-09-2022-para-a-concessao-de-bolsas-da-modalidade-produtividade-em-pesquisa-pq","status":"publish","type":"post","link":"https:\/\/www.infraestruturameioambiente.sp.gov.br\/ipa\/2022\/11\/cnpq-divulga-resultado-preliminar-da-chamada-no-09-2022-para-a-concessao-de-bolsas-da-modalidade-produtividade-em-pesquisa-pq\/","title":{"rendered":"CNPq divulga resultado preliminar da Chamada n\u00ba 09\/2022 para a concess\u00e3o de bolsas da modalidade Produtividade em Pesquisa (PQ)"},"content":{"rendered":"<p>&nbsp;<\/p>\n<p style=\"text-align: left\">O Conselho Nacional de Desenvolvimento Cient\u00edfico e Tecnol\u00f3gico (CNPq\/MCTI) divulgou o resultado preliminar da <u>Chamada n\u00ba 09\/2022<\/u> para a concess\u00e3o de bolsas da modalidade Produtividade em Pesquisa (PQ). O Instituto de Pesquisas Ambientais &#8211; IPA parabeniza a Pesquisadora Cient\u00edfica Dra. <a href=\"http:\/\/lattes.cnpq.br\/9803806414020991\">Cynthia Fernandes Pinto da Luz<\/a> do Laborat\u00f3rio de Palinologia PALINO-IPA pelo n\u00edvel PQ-1D da bolsa e pela proposta aprovada intitulada &#8220;<em>Reconstitui\u00e7\u00e3o paleoambiental do Parque Estadual das Fontes do Ipiranga com base no registro de p\u00f3len e esporos em sedimentos&#8221;<\/em>.<\/p>\n<p style=\"text-align: left\">A Chamada tem como objetivos valorizar os pesquisadores que tenham produ\u00e7\u00e3o cient\u00edfica, tecnol\u00f3gica e de inova\u00e7\u00e3o de destaque em suas respectivas \u00e1reas do conhecimento e incentivar a qualidade dessa produ\u00e7\u00e3o. O resultado preliminar pode ser conferido no <a href=\"http:\/\/memoria2.cnpq.br\/web\/guest\/chamadas-publicas?p_p_id=resultadosportlet_WAR_resultadoscnpqportlet_INSTANCE_0ZaM&amp;filtro=encerradas&amp;detalha=chamadaDivulgada&amp;idDivulgacao=10628\">\u00a0site<\/a>\u00a0do CNPq.<\/p>\n<p style=\"text-align: left\">A proposta da bolsa de produtividade est\u00e1 vinculada ao projeto aprovado em 23\/11\/2022 na 109\u00aa Reuni\u00e3o da C\u00e2mara de Compensa\u00e7\u00e3o Ambiental\/SIMA coordenado pela Pesquisadora Cient\u00edfica Dra. <a href=\"http:\/\/lattes.cnpq.br\/8837136090645387\">Alethea Ernandes Martins Sallun<\/a> do Laborat\u00f3rio de Palinologia PALINO-IPA e intitulado &#8220;<em>Mudan\u00e7as clim\u00e1ticas de um fragmento urbano de Mata Atl\u00e2ntica na regi\u00e3o metropolitana de S\u00e3o Paulo: um estudo integrado de Geoqu\u00edmica e Palinologia&#8221;.<\/em><\/p>\n<p><img decoding=\"async\" loading=\"lazy\" class=\"alignnone size-thumbnail wp-image-159\" src=\"https:\/\/smastr16.blob.core.windows.net\/2001\/sites\/261\/2021\/09\/ods-04-150x150.png\" alt=\"\" width=\"150\" height=\"150\" srcset=\"https:\/\/www.infraestruturameioambiente.sp.gov.br\/ipa\/wp-content\/uploads\/sites\/261\/2021\/09\/ods-04-150x150.png 150w, https:\/\/www.infraestruturameioambiente.sp.gov.br\/ipa\/wp-content\/uploads\/sites\/261\/2021\/09\/ods-04-48x48.png 48w, https:\/\/www.infraestruturameioambiente.sp.gov.br\/ipa\/wp-content\/uploads\/sites\/261\/2021\/09\/ods-04-180x180.png 180w, https:\/\/www.infraestruturameioambiente.sp.gov.br\/ipa\/wp-content\/uploads\/sites\/261\/2021\/09\/ods-04.png 225w\" sizes=\"(max-width: 150px) 100vw, 150px\" \/> <img decoding=\"async\" loading=\"lazy\" class=\"alignnone size-thumbnail wp-image-165\" src=\"https:\/\/smastr16.blob.core.windows.net\/2001\/sites\/261\/2021\/09\/ods-09-150x150.png\" alt=\"\" width=\"150\" height=\"150\" srcset=\"https:\/\/www.infraestruturameioambiente.sp.gov.br\/ipa\/wp-content\/uploads\/sites\/261\/2021\/09\/ods-09-150x150.png 150w, https:\/\/www.infraestruturameioambiente.sp.gov.br\/ipa\/wp-content\/uploads\/sites\/261\/2021\/09\/ods-09-48x48.png 48w, https:\/\/www.infraestruturameioambiente.sp.gov.br\/ipa\/wp-content\/uploads\/sites\/261\/2021\/09\/ods-09-180x180.png 180w, https:\/\/www.infraestruturameioambiente.sp.gov.br\/ipa\/wp-content\/uploads\/sites\/261\/2021\/09\/ods-09.png 225w\" sizes=\"(max-width: 150px) 100vw, 150px\" \/> <img decoding=\"async\" loading=\"lazy\" class=\"alignnone size-thumbnail wp-image-154\" src=\"https:\/\/smastr16.blob.core.windows.net\/2001\/sites\/261\/2021\/08\/ods-13-150x150.png\" alt=\"\" width=\"150\" height=\"150\" srcset=\"https:\/\/www.infraestruturameioambiente.sp.gov.br\/ipa\/wp-content\/uploads\/sites\/261\/2021\/08\/ods-13-150x150.png 150w, https:\/\/www.infraestruturameioambiente.sp.gov.br\/ipa\/wp-content\/uploads\/sites\/261\/2021\/08\/ods-13-48x48.png 48w, https:\/\/www.infraestruturameioambiente.sp.gov.br\/ipa\/wp-content\/uploads\/sites\/261\/2021\/08\/ods-13-180x180.png 180w, https:\/\/www.infraestruturameioambiente.sp.gov.br\/ipa\/wp-content\/uploads\/sites\/261\/2021\/08\/ods-13.png 225w\" sizes=\"(max-width: 150px) 100vw, 150px\" \/> <img decoding=\"async\" loading=\"lazy\" class=\"alignnone size-thumbnail wp-image-169\" src=\"https:\/\/smastr16.blob.core.windows.net\/2001\/sites\/261\/2021\/09\/ods-15-150x150.png\" alt=\"\" width=\"150\" height=\"150\" srcset=\"https:\/\/www.infraestruturameioambiente.sp.gov.br\/ipa\/wp-content\/uploads\/sites\/261\/2021\/09\/ods-15-150x150.png 150w, https:\/\/www.infraestruturameioambiente.sp.gov.br\/ipa\/wp-content\/uploads\/sites\/261\/2021\/09\/ods-15-48x48.png 48w, https:\/\/www.infraestruturameioambiente.sp.gov.br\/ipa\/wp-content\/uploads\/sites\/261\/2021\/09\/ods-15-180x180.png 180w, https:\/\/www.infraestruturameioambiente.sp.gov.br\/ipa\/wp-content\/uploads\/sites\/261\/2021\/09\/ods-15.png 225w\" sizes=\"(max-width: 150px) 100vw, 150px\" \/> <img decoding=\"async\" loading=\"lazy\" class=\"alignnone size-thumbnail wp-image-171\" src=\"https:\/\/smastr16.blob.core.windows.net\/2001\/sites\/261\/2021\/09\/ods-17-150x150.png\" alt=\"\" width=\"150\" height=\"150\" srcset=\"https:\/\/www.infraestruturameioambiente.sp.gov.br\/ipa\/wp-content\/uploads\/sites\/261\/2021\/09\/ods-17-150x150.png 150w, https:\/\/www.infraestruturameioambiente.sp.gov.br\/ipa\/wp-content\/uploads\/sites\/261\/2021\/09\/ods-17-48x48.png 48w, https:\/\/www.infraestruturameioambiente.sp.gov.br\/ipa\/wp-content\/uploads\/sites\/261\/2021\/09\/ods-17-180x180.png 180w, https:\/\/www.infraestruturameioambiente.sp.gov.br\/ipa\/wp-content\/uploads\/sites\/261\/2021\/09\/ods-17.png 225w\" sizes=\"(max-width: 150px) 100vw, 150px\" \/><\/p>\n<p>&nbsp;<\/p>\n","protected":false},"excerpt":{"rendered":"<p>&nbsp; O Conselho Nacional de Desenvolvimento Cient\u00edfico e Tecnol\u00f3gico (CNPq\/MCTI) divulgou o resultado preliminar da Chamada n\u00ba 09\/2022 para a concess\u00e3o de bolsas da modalidade Produtividade em Pesquisa (PQ). O [&hellip;]<\/p>\n","protected":false},"author":196,"featured_media":2251,"comment_status":"open","ping_status":"open","sticky":false,"template":"","format":"standard","meta":[],"categories":[2,5],"tags":[],"_links":{"self":[{"href":"https:\/\/www.infraestruturameioambiente.sp.gov.br\/ipa\/wp-json\/wp\/v2\/posts\/2250"}],"collection":[{"href":"https:\/\/www.infraestruturameioambiente.sp.gov.br\/ipa\/wp-json\/wp\/v2\/posts"}],"about":[{"href":"https:\/\/www.infraestruturameioambiente.sp.gov.br\/ipa\/wp-json\/wp\/v2\/types\/post"}],"author":[{"embeddable":true,"href":"https:\/\/www.infraestruturameioambiente.sp.gov.br\/ipa\/wp-json\/wp\/v2\/users\/196"}],"replies":[{"embeddable":true,"href":"https:\/\/www.infraestruturameioambiente.sp.gov.br\/ipa\/wp-json\/wp\/v2\/comments?post=2250"}],"version-history":[{"count":3,"href":"https:\/\/www.infraestruturameioambiente.sp.gov.br\/ipa\/wp-json\/wp\/v2\/posts\/2250\/revisions"}],"predecessor-version":[{"id":2279,"href":"https:\/\/www.infraestruturameioambiente.sp.gov.br\/ipa\/wp-json\/wp\/v2\/posts\/2250\/revisions\/2279"}],"wp:featuredmedia":[{"embeddable":true,"href":"https:\/\/www.infraestruturameioambiente.sp.gov.br\/ipa\/wp-json\/wp\/v2\/media\/2251"}],"wp:attachment":[{"href":"https:\/\/www.infraestruturameioambiente.sp.gov.br\/ipa\/wp-json\/wp\/v2\/media?parent=2250"}],"wp:term":[{"taxonomy":"category","embeddable":true,"href":"https:\/\/www.infraestruturameioambiente.sp.gov.br\/ipa\/wp-json\/wp\/v2\/categories?post=2250"},{"taxonomy":"post_tag","embeddable":true,"href":"https:\/\/www.infraestruturameioambiente.sp.gov.br\/ipa\/wp-json\/wp\/v2\/tags?post=2250"}],"curies":[{"name":"wp","href":"https:\/\/api.w.org\/{rel}","templated":true}]}}