{"id":807,"count":1,"description":"","link":"https:\/\/www.infraestruturameioambiente.sp.gov.br\/institutogeologico\/tag\/pedra-do-bau-planalto-de-campos-do-jordao-serra-da-mantiqueira-denudacao-tectonica-ruptil-rift-continental-do-sudeste-do-brasil\/","name":"Pedra do Ba\u00fa; Planalto de Campos do Jord\u00e3o; Serra da Mantiqueira; denuda\u00e7\u00e3o; tect\u00f4nica r\u00faptil; Rift Continental do Sudeste do Brasil","slug":"pedra-do-bau-planalto-de-campos-do-jordao-serra-da-mantiqueira-denudacao-tectonica-ruptil-rift-continental-do-sudeste-do-brasil","taxonomy":"post_tag","meta":[],"_links":{"self":[{"href":"https:\/\/www.infraestruturameioambiente.sp.gov.br\/institutogeologico\/wp-json\/wp\/v2\/tags\/807"}],"collection":[{"href":"https:\/\/www.infraestruturameioambiente.sp.gov.br\/institutogeologico\/wp-json\/wp\/v2\/tags"}],"about":[{"href":"https:\/\/www.infraestruturameioambiente.sp.gov.br\/institutogeologico\/wp-json\/wp\/v2\/taxonomies\/post_tag"}],"wp:post_type":[{"href":"https:\/\/www.infraestruturameioambiente.sp.gov.br\/institutogeologico\/wp-json\/wp\/v2\/posts?tags=807"},{"href":"https:\/\/www.infraestruturameioambiente.sp.gov.br\/institutogeologico\/wp-json\/wp\/v2\/tribe_events?tags=807"}],"curies":[{"name":"wp","href":"https:\/\/api.w.org\/{rel}","templated":true}]}}