{"id":9828,"date":"2015-09-02T11:27:42","date_gmt":"2015-09-02T14:27:42","guid":{"rendered":"https:\/\/www.infraestruturameioambiente.sp.gov.br\/institutogeologico\/?p=9828"},"modified":"2017-01-11T15:57:50","modified_gmt":"2017-01-11T17:57:50","slug":"instituto-geologico-ig-e-instituto-de-pesquisas-tecnologicas-ipt-apresentam-os-resultados-de-projeto-financiado-pelo-fehidro-sobre-delimitacao-de-areas-de-protecao-de-pocos","status":"publish","type":"post","link":"https:\/\/www.infraestruturameioambiente.sp.gov.br\/institutogeologico\/2015\/09\/instituto-geologico-ig-e-instituto-de-pesquisas-tecnologicas-ipt-apresentam-os-resultados-de-projeto-financiado-pelo-fehidro-sobre-delimitacao-de-areas-de-protecao-de-pocos\/","title":{"rendered":"Instituto Geol\u00f3gico (IG) e Instituto de Pesquisas Tecnol\u00f3gicas (IPT) apresentam os resultados de projeto financiado pelo FEHIDRO sobre delimita\u00e7\u00e3o de \u00e1reas de prote\u00e7\u00e3o de po\u00e7os"},"content":{"rendered":"<div class=\"wc-gallery\"><div id='gallery-1' data-gutter-width='5' data-columns='1' class='gallery wc-gallery-captions-onhover gallery-link-file gallery-masonry galleryid-9828 gallery-columns-1 gallery-size-thumbnail wc-gallery-bottomspace-default wc-gallery-clear'><div class='gallery-item gallery-item-position-1 gallery-item-attachment-9831'>\n\t\t\t\t<div class='gallery-icon landscape'>\n\t\t\t\t\t<a href='https:\/\/www.infraestruturameioambiente.sp.gov.br\/institutogeologico\/wp-content\/uploads\/sites\/233\/2015\/09\/IG_IPT_FEHIDRO_POCOS_02-600x600.jpg' title='IG_IPT_FEHIDRO_POCOS_02' target='_self'><img width=\"150\" height=\"150\" src=\"https:\/\/www.infraestruturameioambiente.sp.gov.br\/institutogeologico\/wp-content\/uploads\/sites\/233\/2015\/09\/IG_IPT_FEHIDRO_POCOS_02-150x150.jpg\" class=\"attachment-thumbnail size-thumbnail\" alt=\"\" decoding=\"async\" loading=\"lazy\" srcset=\"https:\/\/www.infraestruturameioambiente.sp.gov.br\/institutogeologico\/wp-content\/uploads\/sites\/233\/2015\/09\/IG_IPT_FEHIDRO_POCOS_02-150x150.jpg 150w, https:\/\/www.infraestruturameioambiente.sp.gov.br\/institutogeologico\/wp-content\/uploads\/sites\/233\/2015\/09\/IG_IPT_FEHIDRO_POCOS_02-600x600.jpg 600w\" sizes=\"(max-width: 150px) 100vw, 150px\" \/><\/a>\n\t\t\t\t<\/div>\n\t\t\t\t\t<div class='wp-caption-text gallery-caption'>\n\t\t\t\t\t\t<p>\n\t\t\t\t\t\tMar\u00edlia\n\t\t\t\t\t\t<\/p>\n\t\t\t\t\t<\/div><\/div><div class='gallery-item gallery-item-position-2 gallery-item-attachment-9832'>\n\t\t\t\t<div class='gallery-icon landscape'>\n\t\t\t\t\t<a href='https:\/\/www.infraestruturameioambiente.sp.gov.br\/institutogeologico\/wp-content\/uploads\/sites\/233\/2015\/09\/IG_IPT_FEHIDRO_POCOS_03-600x600.jpg' title='IG_IPT_FEHIDRO_POCOS_03' target='_self'><img width=\"150\" height=\"150\" src=\"https:\/\/www.infraestruturameioambiente.sp.gov.br\/institutogeologico\/wp-content\/uploads\/sites\/233\/2015\/09\/IG_IPT_FEHIDRO_POCOS_03-150x150.jpg\" class=\"attachment-thumbnail size-thumbnail\" alt=\"\" decoding=\"async\" loading=\"lazy\" srcset=\"https:\/\/www.infraestruturameioambiente.sp.gov.br\/institutogeologico\/wp-content\/uploads\/sites\/233\/2015\/09\/IG_IPT_FEHIDRO_POCOS_03-150x150.jpg 150w, https:\/\/www.infraestruturameioambiente.sp.gov.br\/institutogeologico\/wp-content\/uploads\/sites\/233\/2015\/09\/IG_IPT_FEHIDRO_POCOS_03-600x600.jpg 600w\" sizes=\"(max-width: 150px) 100vw, 150px\" \/><\/a>\n\t\t\t\t<\/div>\n\t\t\t\t\t<div class='wp-caption-text gallery-caption'>\n\t\t\t\t\t\t<p>\n\t\t\t\t\t\tMar\u00edlia\n\t\t\t\t\t\t<\/p>\n\t\t\t\t\t<\/div><\/div><div class='gallery-item gallery-item-position-3 gallery-item-attachment-9830'>\n\t\t\t\t<div class='gallery-icon landscape'>\n\t\t\t\t\t<a href='https:\/\/www.infraestruturameioambiente.sp.gov.br\/institutogeologico\/wp-content\/uploads\/sites\/233\/2015\/09\/IG_IPT_FEHIDRO_POCOS_01-600x600.jpg' title='IG_IPT_FEHIDRO_POCOS_01' target='_self'><img width=\"150\" height=\"150\" src=\"https:\/\/www.infraestruturameioambiente.sp.gov.br\/institutogeologico\/wp-content\/uploads\/sites\/233\/2015\/09\/IG_IPT_FEHIDRO_POCOS_01-150x150.jpg\" class=\"attachment-thumbnail size-thumbnail\" alt=\"\" decoding=\"async\" loading=\"lazy\" srcset=\"https:\/\/www.infraestruturameioambiente.sp.gov.br\/institutogeologico\/wp-content\/uploads\/sites\/233\/2015\/09\/IG_IPT_FEHIDRO_POCOS_01-150x150.jpg 150w, https:\/\/www.infraestruturameioambiente.sp.gov.br\/institutogeologico\/wp-content\/uploads\/sites\/233\/2015\/09\/IG_IPT_FEHIDRO_POCOS_01-600x600.jpg 600w\" sizes=\"(max-width: 150px) 100vw, 150px\" \/><\/a>\n\t\t\t\t<\/div>\n\t\t\t\t\t<div class='wp-caption-text gallery-caption'>\n\t\t\t\t\t\t<p>\n\t\t\t\t\t\tPresitente Prudente\n\t\t\t\t\t\t<\/p>\n\t\t\t\t\t<\/div><\/div><\/div>\n<\/div>\n<p style=\"text-align: justify\">Pesquisadores do Instituto Geol\u00f3gico (IG\/SMA) e do Instituto de Pesquisas Tecnol\u00f3gicas (IPT) apresentaram os resultados do projeto \u201cDelimita\u00e7\u00e3o de \u00c1reas de Prote\u00e7\u00e3o de Po\u00e7os de Abastecimento P\u00fablico &#8211; Sistema Aqu\u00edfero Bauru\u201d em reuni\u00f5es t\u00e9cnicas realizadas nos dias 25 e 26 de agosto em Presidente Prudente e Mar\u00edlia respectivamente.<\/p>\n<p style=\"text-align: justify\">A realiza\u00e7\u00e3o das reuni\u00f5es contou com o indispens\u00e1vel apoio dos Comit\u00eas das Bacias Hidrogr\u00e1ficas do Pontal do Paranapanema (UGRHI 22) e dos Rios Aguape\u00ed e Peixe (UGRHI 21), do DAEE, atrav\u00e9s da Diretoria de Bacia do Peixe Paranapanema e da Unidade de Servi\u00e7os e Obras de Presidente Prudente. Teve ainda o apoio da UNESP de Presidente Prudente e da Coordenadoria de Recursos H\u00eddricos (CRHi) na organiza\u00e7\u00e3o e log\u00edstica.<\/p>\n<p style=\"text-align: justify\">Realizado com suporte financeiro do Fundo Estadual de Recursos H\u00eddricos &#8211; FEHIDRO, o estudo foi desenvolvido em 120 munic\u00edpios, das UGRHIs 12 (Baixo Pardo\/Grande), 15 (Turvo\/Grande), 16 (Tiet\u00ea\/Batalha), 17 (M\u00e9dio Paranapanema), 18 (S\u00e3o Jos\u00e9 dos Dourados), 19 (Baixo Tiet\u00ea), 20 (Aguape\u00ed), 21 (Peixe) e 22 (Pontal do Paranapanema), que utilizam o Sistema Aqu\u00edfero Bauru para o abastecimento p\u00fablico.<\/p>\n<p style=\"text-align: justify\">Cada munic\u00edpio foi objeto de diagn\u00f3stico das condi\u00e7\u00f5es da prote\u00e7\u00e3o sanit\u00e1ria dos po\u00e7os e a delimita\u00e7\u00e3o do Per\u00edmetro de Alerta, conforme estabelece o <a href=\"http:\/\/www.al.sp.gov.br\/repositorio\/legislacao\/decreto\/1991\/decreto-32955-07.02.1991.html\">Decreto Estadual n\u00ba 32.955\/91<\/a>, com o levantamento das fontes potenciais de contamina\u00e7\u00e3o ao redor dos po\u00e7os. O foco \u00e9 auxiliar os munic\u00edpios, com popula\u00e7\u00e3o de at\u00e9 20 mil habitantes e que utilizam o Sistema Aqu\u00edfero Bauru para o abastecimento, na implanta\u00e7\u00e3o de medidas e a\u00e7\u00f5es para a prote\u00e7\u00e3o dos po\u00e7os p\u00fablicos.<\/p>\n<p style=\"text-align: justify\">Participaram das reuni\u00f5es representantes de 59 munic\u00edpios estudados, das UGRHIs 16 (Tiet\u00ea\/Batalha), 17 (M\u00e9dio Paranapanema), 18 (S\u00e3o Jos\u00e9 dos Dourados), 19 (Baixo Tiet\u00ea), 20 (Aguape\u00ed), 21 (Peixe) e 22 (Pontal do Paranapanema), e t\u00e9cnicos de \u00f3rg\u00e3os afins como DAEE, CETESB, Vigil\u00e2ncia Sanit\u00e1ria, SABESP e Minist\u00e9rio P\u00fablico. Outra reuni\u00e3o t\u00e9cnica est\u00e1 prevista para 15 de setembro, em S\u00e3o Jos\u00e9 do Rio Preto, para apresentar os resultados aos 61 munic\u00edpios restantes.<\/p>\n","protected":false},"excerpt":{"rendered":"<p>Pesquisadores do Instituto Geol\u00f3gico (IG\/SMA) e do Instituto de Pesquisas Tecnol\u00f3gicas (IPT) apresentaram os resultados do projeto \u201cDelimita\u00e7\u00e3o de \u00c1reas de Prote\u00e7\u00e3o de Po\u00e7os de Abastecimento P\u00fablico &#8211; Sistema Aqu\u00edfero Bauru\u201d em reuni\u00f5es t\u00e9cnicas realizadas nos dias 25 e 26 de agosto em Presidente Prudente e Mar\u00edlia respectivamente. A realiza\u00e7\u00e3o das reuni\u00f5es contou com o [&hellip;]<\/p>\n","protected":false},"author":25,"featured_media":9829,"comment_status":"closed","ping_status":"open","sticky":false,"template":"","format":"standard","meta":[],"categories":[1850],"tags":[],"_links":{"self":[{"href":"https:\/\/www.infraestruturameioambiente.sp.gov.br\/institutogeologico\/wp-json\/wp\/v2\/posts\/9828"}],"collection":[{"href":"https:\/\/www.infraestruturameioambiente.sp.gov.br\/institutogeologico\/wp-json\/wp\/v2\/posts"}],"about":[{"href":"https:\/\/www.infraestruturameioambiente.sp.gov.br\/institutogeologico\/wp-json\/wp\/v2\/types\/post"}],"author":[{"embeddable":true,"href":"https:\/\/www.infraestruturameioambiente.sp.gov.br\/institutogeologico\/wp-json\/wp\/v2\/users\/25"}],"replies":[{"embeddable":true,"href":"https:\/\/www.infraestruturameioambiente.sp.gov.br\/institutogeologico\/wp-json\/wp\/v2\/comments?post=9828"}],"version-history":[{"count":2,"href":"https:\/\/www.infraestruturameioambiente.sp.gov.br\/institutogeologico\/wp-json\/wp\/v2\/posts\/9828\/revisions"}],"predecessor-version":[{"id":9834,"href":"https:\/\/www.infraestruturameioambiente.sp.gov.br\/institutogeologico\/wp-json\/wp\/v2\/posts\/9828\/revisions\/9834"}],"wp:featuredmedia":[{"embeddable":true,"href":"https:\/\/www.infraestruturameioambiente.sp.gov.br\/institutogeologico\/wp-json\/wp\/v2\/media\/9829"}],"wp:attachment":[{"href":"https:\/\/www.infraestruturameioambiente.sp.gov.br\/institutogeologico\/wp-json\/wp\/v2\/media?parent=9828"}],"wp:term":[{"taxonomy":"category","embeddable":true,"href":"https:\/\/www.infraestruturameioambiente.sp.gov.br\/institutogeologico\/wp-json\/wp\/v2\/categories?post=9828"},{"taxonomy":"post_tag","embeddable":true,"href":"https:\/\/www.infraestruturameioambiente.sp.gov.br\/institutogeologico\/wp-json\/wp\/v2\/tags?post=9828"}],"curies":[{"name":"wp","href":"https:\/\/api.w.org\/{rel}","templated":true}]}}