{"id":9765,"date":"2015-08-05T16:56:01","date_gmt":"2015-08-05T19:56:01","guid":{"rendered":"https:\/\/www.infraestruturameioambiente.sp.gov.br\/institutogeologico\/?p=9765"},"modified":"2015-08-05T16:56:01","modified_gmt":"2015-08-05T19:56:01","slug":"pesquisadores-do-instituto-geologico-participam-do-vi-simposio-de-vulcanismo-e-ambientes-associados","status":"publish","type":"post","link":"https:\/\/www.infraestruturameioambiente.sp.gov.br\/institutogeologico\/2015\/08\/pesquisadores-do-instituto-geologico-participam-do-vi-simposio-de-vulcanismo-e-ambientes-associados\/","title":{"rendered":"Pesquisadores do Instituto Geol\u00f3gico participam do VI Simp\u00f3sio de Vulcanismo e Ambientes Associados"},"content":{"rendered":"<p style=\"text-align: justify\"><a href=\"https:\/\/www.infraestruturameioambiente.sp.gov.br\/wp-content\/uploads\/sites\/233\/2015\/08\/vi-simposio-de-vulcanismo-e-ambientes-associados-250x200.jpg\"><img decoding=\"async\" loading=\"lazy\" class=\"alignleft size-thumbnail wp-image-9767\" alt=\"vi-simposio-de-vulcanismo-e-ambientes-associados-250x200\" src=\"https:\/\/www.infraestruturameioambiente.sp.gov.br\/wp-content\/uploads\/sites\/233\/2015\/08\/vi-simposio-de-vulcanismo-e-ambientes-associados-250x200-150x150.jpg\" width=\"150\" height=\"150\" \/><\/a>Os pesquisadores do Instituto Geol\u00f3gico (IG) Am\u00e9lia Jo\u00e3o Fernandes, Annabel P\u00e9rez Aguilar e Francisco de Assis Negri participaram do VI Simp\u00f3sio de Vulcanismo e Ambientes Associados que ocorreu entre os dias 02 e 05 de agosto de 2015 no Instituto Astron\u00f4mico e Geof\u00edsico da Universidade de S\u00e3o Paulo (USP).<\/p>\n<p style=\"text-align: justify\">O Evento \u00e9 uma reuni\u00e3o cient\u00edfica de car\u00e1ter nacional, promovido pela Sociedade Brasileira de Geologia (SBG) desde 1999 e j\u00e1 passou por cidades como: Gramado (RS), Bel\u00e9m (PA), Cabo Frio (RJ), Foz de Igua\u00e7u (PR) e Goi\u00e1s Velho (GO).<\/p>\n<p style=\"text-align: justify\">Dentre as mais diversas sess\u00f5es tem\u00e1ticas destaca-se seu aspecto plural, contemplando desde trabalhos de cunho mais acad\u00eamico, como tamb\u00e9m aqueles voltados \u00e0s \u00e1reas de geologia econ\u00f4mica e de petr\u00f3leo e g\u00e1s, consideradas estrat\u00e9gicas para o desenvolvimento econ\u00f4mico do pa\u00eds.<\/p>\n<p style=\"text-align: justify\">O pesquisador Francisco de Assis Negri, que tamb\u00e9m foi membro da Comiss\u00e3o Organizadora do evento, apresentou junto com a pesquisadora Am\u00e9lia Jo\u00e3o Fernandes um trabalho intitulado: \u201cSubhorizontal Fractures as Preferential Pathways for Groundwater flow in Serra Geral Aquifer System (S\u00e3o Paulo, Brazil) Originated Due to High Fluid Pressure in Entablature Basalts\u201d, que pesquisou a import\u00e2ncia das fraturas sub-horizontais no controle do fluxo de \u00e1gua subterr\u00e2nea.<\/p>\n<p style=\"text-align: justify\">A pesquisadora Annabel P\u00e9rez Aguilar apresentou um trabalho intitulado: \u201cMargarite-Corundum Schists and Topaz Schists: Metamorphic Products of Mesoproterozoic Oceanic High-Sulfidation Systems, Serra do Itaberaba Group, SP\u201d, que pesquisou a g\u00eanese de minerais em atividade magm\u00e1tica-hidrotermal oce\u00e2nica e os processos metam\u00f3rficos posteriores, e relacionou-os como indicadores de reservas minerais.<\/p>\n<p style=\"text-align: justify\">Al\u00e9m de pesquisadores e professores universit\u00e1rios, o evento contou com a participa\u00e7\u00e3o de alunos de gradua\u00e7\u00e3o e de p\u00f3s-gradua\u00e7\u00e3o das escolas de geologia, geof\u00edsica e \u00e1reas afins de todo o Brasil.<\/p>\n","protected":false},"excerpt":{"rendered":"<p>Os pesquisadores do Instituto Geol\u00f3gico (IG) Am\u00e9lia Jo\u00e3o Fernandes, Annabel P\u00e9rez Aguilar e Francisco de Assis Negri participaram do VI Simp\u00f3sio de Vulcanismo e Ambientes Associados que ocorreu entre os dias 02 e 05 de agosto de 2015 no Instituto Astron\u00f4mico e Geof\u00edsico da Universidade de S\u00e3o Paulo (USP). O Evento \u00e9 uma reuni\u00e3o cient\u00edfica [&hellip;]<\/p>\n","protected":false},"author":25,"featured_media":9766,"comment_status":"closed","ping_status":"open","sticky":false,"template":"","format":"standard","meta":[],"categories":[1850],"tags":[],"_links":{"self":[{"href":"https:\/\/www.infraestruturameioambiente.sp.gov.br\/institutogeologico\/wp-json\/wp\/v2\/posts\/9765"}],"collection":[{"href":"https:\/\/www.infraestruturameioambiente.sp.gov.br\/institutogeologico\/wp-json\/wp\/v2\/posts"}],"about":[{"href":"https:\/\/www.infraestruturameioambiente.sp.gov.br\/institutogeologico\/wp-json\/wp\/v2\/types\/post"}],"author":[{"embeddable":true,"href":"https:\/\/www.infraestruturameioambiente.sp.gov.br\/institutogeologico\/wp-json\/wp\/v2\/users\/25"}],"replies":[{"embeddable":true,"href":"https:\/\/www.infraestruturameioambiente.sp.gov.br\/institutogeologico\/wp-json\/wp\/v2\/comments?post=9765"}],"version-history":[{"count":1,"href":"https:\/\/www.infraestruturameioambiente.sp.gov.br\/institutogeologico\/wp-json\/wp\/v2\/posts\/9765\/revisions"}],"predecessor-version":[{"id":9768,"href":"https:\/\/www.infraestruturameioambiente.sp.gov.br\/institutogeologico\/wp-json\/wp\/v2\/posts\/9765\/revisions\/9768"}],"wp:featuredmedia":[{"embeddable":true,"href":"https:\/\/www.infraestruturameioambiente.sp.gov.br\/institutogeologico\/wp-json\/wp\/v2\/media\/9766"}],"wp:attachment":[{"href":"https:\/\/www.infraestruturameioambiente.sp.gov.br\/institutogeologico\/wp-json\/wp\/v2\/media?parent=9765"}],"wp:term":[{"taxonomy":"category","embeddable":true,"href":"https:\/\/www.infraestruturameioambiente.sp.gov.br\/institutogeologico\/wp-json\/wp\/v2\/categories?post=9765"},{"taxonomy":"post_tag","embeddable":true,"href":"https:\/\/www.infraestruturameioambiente.sp.gov.br\/institutogeologico\/wp-json\/wp\/v2\/tags?post=9765"}],"curies":[{"name":"wp","href":"https:\/\/api.w.org\/{rel}","templated":true}]}}