{"id":9720,"date":"2015-06-29T10:51:22","date_gmt":"2015-06-29T13:51:22","guid":{"rendered":"https:\/\/www.infraestruturameioambiente.sp.gov.br\/institutogeologico\/?p=9720"},"modified":"2015-08-27T11:18:31","modified_gmt":"2015-08-27T14:18:31","slug":"secretaria-do-meio-ambiente-reestrutura-o-conselho-estadual-de-monumentos-geologicos","status":"publish","type":"post","link":"https:\/\/www.infraestruturameioambiente.sp.gov.br\/institutogeologico\/2015\/06\/secretaria-do-meio-ambiente-reestrutura-o-conselho-estadual-de-monumentos-geologicos\/","title":{"rendered":"Secretaria do Meio Ambiente reestrutura o Conselho Estadual de Monumentos Geol\u00f3gicos"},"content":{"rendered":"<div class=\"wc-gallery\"><div id='gallery-1' data-gutter-width='5' data-columns='1' class='gallery wc-gallery-captions-onhover gallery-link-file gallery-masonry galleryid-9720 gallery-columns-1 gallery-size-thumbnail wc-gallery-bottomspace-default wc-gallery-clear'><div class='gallery-item gallery-item-position-1 gallery-item-attachment-9722'>\n\t\t\t\t<div class='gallery-icon landscape'>\n\t\t\t\t\t<a href='https:\/\/www.infraestruturameioambiente.sp.gov.br\/institutogeologico\/wp-content\/uploads\/sites\/233\/2015\/06\/Monumentos_01-600x480.jpg' title='Monumentos_01' target='_self'><img width=\"150\" height=\"150\" src=\"https:\/\/www.infraestruturameioambiente.sp.gov.br\/institutogeologico\/wp-content\/uploads\/sites\/233\/2015\/06\/Monumentos_01-150x150.jpg\" class=\"attachment-thumbnail size-thumbnail\" alt=\"\" decoding=\"async\" loading=\"lazy\" \/><\/a>\n\t\t\t\t<\/div><\/div><div class='gallery-item gallery-item-position-2 gallery-item-attachment-9723'>\n\t\t\t\t<div class='gallery-icon landscape'>\n\t\t\t\t\t<a href='https:\/\/www.infraestruturameioambiente.sp.gov.br\/institutogeologico\/wp-content\/uploads\/sites\/233\/2015\/06\/Monumentos_02-600x480.jpg' title='Monumentos_02' target='_self'><img width=\"150\" height=\"150\" src=\"https:\/\/www.infraestruturameioambiente.sp.gov.br\/institutogeologico\/wp-content\/uploads\/sites\/233\/2015\/06\/Monumentos_02-150x150.jpg\" class=\"attachment-thumbnail size-thumbnail\" alt=\"\" decoding=\"async\" loading=\"lazy\" \/><\/a>\n\t\t\t\t<\/div><\/div><div class='gallery-item gallery-item-position-3 gallery-item-attachment-9724'>\n\t\t\t\t<div class='gallery-icon landscape'>\n\t\t\t\t\t<a href='https:\/\/www.infraestruturameioambiente.sp.gov.br\/institutogeologico\/wp-content\/uploads\/sites\/233\/2015\/06\/Monumentos_03-600x480.jpg' title='Monumentos_03' target='_self'><img width=\"150\" height=\"150\" src=\"https:\/\/www.infraestruturameioambiente.sp.gov.br\/institutogeologico\/wp-content\/uploads\/sites\/233\/2015\/06\/Monumentos_03-150x150.jpg\" class=\"attachment-thumbnail size-thumbnail\" alt=\"\" decoding=\"async\" loading=\"lazy\" \/><\/a>\n\t\t\t\t<\/div><\/div><div class='gallery-item gallery-item-position-4 gallery-item-attachment-9725'>\n\t\t\t\t<div class='gallery-icon landscape'>\n\t\t\t\t\t<a href='https:\/\/www.infraestruturameioambiente.sp.gov.br\/institutogeologico\/wp-content\/uploads\/sites\/233\/2015\/06\/Monumentos_04-600x480.jpg' title='Monumentos_04' target='_self'><img width=\"150\" height=\"150\" src=\"https:\/\/www.infraestruturameioambiente.sp.gov.br\/institutogeologico\/wp-content\/uploads\/sites\/233\/2015\/06\/Monumentos_04-150x150.jpg\" class=\"attachment-thumbnail size-thumbnail\" alt=\"\" decoding=\"async\" loading=\"lazy\" \/><\/a>\n\t\t\t\t<\/div><\/div><\/div>\n<\/div>\n<p style=\"text-align: justify\">Em reuni\u00e3o realizada no dia 24 de junho de 2015, o diretor geral do Instituto Geol\u00f3gico (IG) Dr. Ricardo Vedovello, anunciou a composi\u00e7\u00e3o do novo Conselho Estadual de Monumentos Geol\u00f3gicos (CoMGeo-SP). O Conselho, que ter\u00e1 mandato de dois anos, \u00e9 composto por 13 profissionais ligados \u00e0 tem\u00e1tica da Geodiversidade. O CoMGeo-SP, de car\u00e1ter consultivo, tem como principal objetivo apoiar os trabalhos voltados \u00e0 gest\u00e3o do Patrim\u00f4nio Natural Geol\u00f3gico, representado pelos Geoss\u00edtios e Monumentos Geol\u00f3gicos existentes no territ\u00f3rio paulista.<\/p>\n<p style=\"text-align: justify\">A secret\u00e1ria de Meio Ambiente, Dra. Patr\u00edcia Iglecias, assinou a nova <a href=\"http:\/\/www3.ambiente.sp.gov.br\/legislacao\/files\/2015\/06\/Resolu%C3%A7%C3%A3o-SMA-046-2015-Processo-14.577-2009-Conselho-de-Monumentos-Geol%C3%B3gicos-2015.pdf\">Resolu\u00e7\u00e3o SMA n\u00ba 46 de 24 de junho de 2015<\/a>, que reestrutura o Conselho, para o bi\u00eanio 2015-2017, deu as boas-vindas aos especialistas e, na oportunidade, apresentou as 5 diretrizes do \u201cSistema Ambiental Paulista &#8211; (SMA 2015-2018). Ela afirmou que os rumos propostos foram discutidos arduamente, no in\u00edcio do ano, visando atender as demandas ambientais mais urgentes do Estado de S\u00e3o Paulo.<\/p>\n<p style=\"text-align: justify\">A 11\u00aa reuni\u00e3o do CoMGeo-SP, realizada na sede da SMA, contou ainda com o lan\u00e7amento do site do N\u00facleo de Monumentos Geol\u00f3gicos (IG\/SMA), desenvolvido pelo pesquisador cient\u00edfico Dr. Renato Tavares. O site, segundo ele, segue o padr\u00e3o do Sistema Ambiental Paulista e \u00e9 de f\u00e1cil navega\u00e7\u00e3o. Na p\u00e1gina: <a href=\"http:\/\/monumentosgeologicos.mugeo.sp.gov.br\">http:\/\/monumentosgeologicos.mugeo.sp.gov.br<\/a> \u00e9 poss\u00edvel encontrar maiores informa\u00e7\u00f5es sobre esse importante patrim\u00f4nio paulista.<\/p>\n<p style=\"text-align: justify\">Na sequencia, a Prof. Dra. Sueli \u00c2ngelo Furlan apresentou aos novos conselheiros o \u201cSistema de Informa\u00e7\u00e3o e Gest\u00e3o de \u00c1reas Protegidas e de Interesse Ambiental do Estado de S\u00e3o Paulo\u201d (SiGAP), no qual o conceito de Monumento Geol\u00f3gico \u00e9 inclu\u00eddo como nova categoria de \u00e1rea protegida.<\/p>\n<p style=\"text-align: justify\">Ao t\u00e9rmino do encontro, o secret\u00e1rio executivo Rog\u00e9rio Rodrigues Ribeiro discutiu o \u201cPlano de Trabalho do CoMGeo-SP\u201d, as diretrizes e agenda de trabalho para este bi\u00eanio.<\/p>\n","protected":false},"excerpt":{"rendered":"<p>Em reuni\u00e3o realizada no dia 24 de junho de 2015, o diretor geral do Instituto Geol\u00f3gico (IG) Dr. Ricardo Vedovello, anunciou a composi\u00e7\u00e3o do novo Conselho Estadual de Monumentos Geol\u00f3gicos (CoMGeo-SP). O Conselho, que ter\u00e1 mandato de dois anos, \u00e9 composto por 13 profissionais ligados \u00e0 tem\u00e1tica da Geodiversidade. O CoMGeo-SP, de car\u00e1ter consultivo, tem [&hellip;]<\/p>\n","protected":false},"author":25,"featured_media":9721,"comment_status":"closed","ping_status":"open","sticky":false,"template":"","format":"standard","meta":[],"categories":[1850],"tags":[],"_links":{"self":[{"href":"https:\/\/www.infraestruturameioambiente.sp.gov.br\/institutogeologico\/wp-json\/wp\/v2\/posts\/9720"}],"collection":[{"href":"https:\/\/www.infraestruturameioambiente.sp.gov.br\/institutogeologico\/wp-json\/wp\/v2\/posts"}],"about":[{"href":"https:\/\/www.infraestruturameioambiente.sp.gov.br\/institutogeologico\/wp-json\/wp\/v2\/types\/post"}],"author":[{"embeddable":true,"href":"https:\/\/www.infraestruturameioambiente.sp.gov.br\/institutogeologico\/wp-json\/wp\/v2\/users\/25"}],"replies":[{"embeddable":true,"href":"https:\/\/www.infraestruturameioambiente.sp.gov.br\/institutogeologico\/wp-json\/wp\/v2\/comments?post=9720"}],"version-history":[{"count":5,"href":"https:\/\/www.infraestruturameioambiente.sp.gov.br\/institutogeologico\/wp-json\/wp\/v2\/posts\/9720\/revisions"}],"predecessor-version":[{"id":9820,"href":"https:\/\/www.infraestruturameioambiente.sp.gov.br\/institutogeologico\/wp-json\/wp\/v2\/posts\/9720\/revisions\/9820"}],"wp:featuredmedia":[{"embeddable":true,"href":"https:\/\/www.infraestruturameioambiente.sp.gov.br\/institutogeologico\/wp-json\/wp\/v2\/media\/9721"}],"wp:attachment":[{"href":"https:\/\/www.infraestruturameioambiente.sp.gov.br\/institutogeologico\/wp-json\/wp\/v2\/media?parent=9720"}],"wp:term":[{"taxonomy":"category","embeddable":true,"href":"https:\/\/www.infraestruturameioambiente.sp.gov.br\/institutogeologico\/wp-json\/wp\/v2\/categories?post=9720"},{"taxonomy":"post_tag","embeddable":true,"href":"https:\/\/www.infraestruturameioambiente.sp.gov.br\/institutogeologico\/wp-json\/wp\/v2\/tags?post=9720"}],"curies":[{"name":"wp","href":"https:\/\/api.w.org\/{rel}","templated":true}]}}