{"id":9622,"date":"2015-04-02T15:20:40","date_gmt":"2015-04-02T18:20:40","guid":{"rendered":"https:\/\/www.infraestruturameioambiente.sp.gov.br\/institutogeologico\/?p=9622"},"modified":"2017-01-11T15:57:30","modified_gmt":"2017-01-11T17:57:30","slug":"instituto-geologico-realizou-atendimentos-emergenciais-em-areas-de-risco-em-16-municipios-do-estado-durante-o-plano-verao-20142015","status":"publish","type":"post","link":"https:\/\/www.infraestruturameioambiente.sp.gov.br\/institutogeologico\/2015\/04\/instituto-geologico-realizou-atendimentos-emergenciais-em-areas-de-risco-em-16-municipios-do-estado-durante-o-plano-verao-20142015\/","title":{"rendered":"Instituto Geol\u00f3gico realizou atendimentos emergenciais em \u00e1reas de risco em 16 munic\u00edpios do Estado durante o Plano Ver\u00e3o 2014\/2015"},"content":{"rendered":"<div id=\"attachment_9578\" style=\"width: 160px\" class=\"wp-caption alignleft\"><a href=\"https:\/\/www.infraestruturameioambiente.sp.gov.br\/wp-content\/uploads\/sites\/233\/2015\/02\/Caragua_01.jpg\"><img aria-describedby=\"caption-attachment-9578\" decoding=\"async\" loading=\"lazy\" class=\"size-thumbnail wp-image-9578\" src=\"https:\/\/www.infraestruturameioambiente.sp.gov.br\/wp-content\/uploads\/sites\/233\/2015\/02\/Caragua_01-150x150.jpg\" alt=\"Caraguatatuba\" width=\"150\" height=\"150\" srcset=\"https:\/\/www.infraestruturameioambiente.sp.gov.br\/institutogeologico\/wp-content\/uploads\/sites\/233\/2015\/02\/Caragua_01-150x150.jpg 150w, https:\/\/www.infraestruturameioambiente.sp.gov.br\/institutogeologico\/wp-content\/uploads\/sites\/233\/2015\/02\/Caragua_01-600x600.jpg 600w\" sizes=\"(max-width: 150px) 100vw, 150px\" \/><\/a><p id=\"caption-attachment-9578\" class=\"wp-caption-text\">Caraguatatuba<\/p><\/div>\n<p style=\"text-align: justify\">A Coordenadoria Estadual de Defesa Civil (CEDEC) encerrou no dia 31 de mar\u00e7o a Opera\u00e7\u00e3o Ver\u00e3o 2014\/2015. Com dura\u00e7\u00e3o de 4 meses, o plano teve como objetivo preservar vidas e reduzir danos materiais durante a esta\u00e7\u00e3o clim\u00e1tica mais chuvosa do ano.<\/p>\n<p style=\"text-align: justify\">Neste per\u00edodo foram operacionalizados os Planos Preventivos de Defesa Civil (PPDCs) nos munic\u00edpios do Estado mais suscet\u00edveis para ocorr\u00eancias de escorregamento e inunda\u00e7\u00e3o. Os PPDCs tem por finalidade permitir a antecipa\u00e7\u00e3o aos eventos adversos, por meio da otimiza\u00e7\u00e3o dos recursos humanos e materiais dispon\u00edveis, facilitando a atua\u00e7\u00e3o preventiva frente \u00e0s situa\u00e7\u00f5es de risco.<\/p>\n<p style=\"text-align: justify\">Mesmo enfrentando o segundo ver\u00e3o mais chuvoso dos \u00faltimos 15 anos (a maior incid\u00eancia de chuvas do per\u00edodo foi no ver\u00e3o de 2009\/2010), houve queda no n\u00famero de munic\u00edpios afetados. Na Opera\u00e7\u00e3o Ver\u00e3o 2013\/2014, 150 munic\u00edpios sofreram com os altos n\u00edveis de precipita\u00e7\u00e3o pluviom\u00e9trica, j\u00e1 nesta opera\u00e7\u00e3o, o n\u00famero caiu para 128 munic\u00edpios.<\/p>\n<p style=\"text-align: justify\">Nesta Opera\u00e7\u00e3o de 2014\/2015 a Defesa Civil do Estado junto com o Instituto Geol\u00f3gico (IG) realizou diversas vistorias t\u00e9cnicas em 16 munic\u00edpios: Rio Grande da Serra, Piquete, Tatu\u00ed, Santos, Caraguatatuba, S\u00e3o Sebasti\u00e3o, S\u00e3o Jos\u00e9 dos Campos, Juquitiba, Carapicu\u00edba, Eldorado, Santana de Parna\u00edba e Itapetininga. Al\u00e9m de atender outros 04 munic\u00edpios: Juqui\u00e1, Caconde, Apia\u00ed e Joan\u00f3polis.<\/p>\n<p style=\"text-align: justify\">Com o t\u00e9rmino da Opera\u00e7\u00e3o Ver\u00e3o, a CEDEC, em conjunto com o as Secretarias Estaduais de Seguran\u00e7a P\u00fablica, Sa\u00fade e Meio Ambiente, iniciou as Oficinas Preparat\u00f3rias para Opera\u00e7\u00e3o Estiagem voltadas aos munic\u00edpios mais afetados com as ocorr\u00eancias t\u00edpicas do inverno.<\/p>\n<p style=\"text-align: justify\">Todos os dados da Opera\u00e7\u00e3o Ver\u00e3o 2014\/2015 podem ser consultados no site da Defesa Civil do Estado de S\u00e3o Paulo: <a href=\"http:\/\/www.defesacivil.sp.gov.br\/\">www.defesacivil.sp.gov.br<\/a><\/p>\n","protected":false},"excerpt":{"rendered":"<p>A Coordenadoria Estadual de Defesa Civil (CEDEC) encerrou no dia 31 de mar\u00e7o a Opera\u00e7\u00e3o Ver\u00e3o 2014\/2015. Com dura\u00e7\u00e3o de 4 meses, o plano teve como objetivo preservar vidas e reduzir danos materiais durante a esta\u00e7\u00e3o clim\u00e1tica mais chuvosa do ano. Neste per\u00edodo foram operacionalizados os Planos Preventivos de Defesa Civil (PPDCs) nos munic\u00edpios do [&hellip;]<\/p>\n","protected":false},"author":25,"featured_media":9580,"comment_status":"closed","ping_status":"open","sticky":false,"template":"","format":"standard","meta":[],"categories":[1850],"tags":[],"_links":{"self":[{"href":"https:\/\/www.infraestruturameioambiente.sp.gov.br\/institutogeologico\/wp-json\/wp\/v2\/posts\/9622"}],"collection":[{"href":"https:\/\/www.infraestruturameioambiente.sp.gov.br\/institutogeologico\/wp-json\/wp\/v2\/posts"}],"about":[{"href":"https:\/\/www.infraestruturameioambiente.sp.gov.br\/institutogeologico\/wp-json\/wp\/v2\/types\/post"}],"author":[{"embeddable":true,"href":"https:\/\/www.infraestruturameioambiente.sp.gov.br\/institutogeologico\/wp-json\/wp\/v2\/users\/25"}],"replies":[{"embeddable":true,"href":"https:\/\/www.infraestruturameioambiente.sp.gov.br\/institutogeologico\/wp-json\/wp\/v2\/comments?post=9622"}],"version-history":[{"count":2,"href":"https:\/\/www.infraestruturameioambiente.sp.gov.br\/institutogeologico\/wp-json\/wp\/v2\/posts\/9622\/revisions"}],"predecessor-version":[{"id":10570,"href":"https:\/\/www.infraestruturameioambiente.sp.gov.br\/institutogeologico\/wp-json\/wp\/v2\/posts\/9622\/revisions\/10570"}],"wp:featuredmedia":[{"embeddable":true,"href":"https:\/\/www.infraestruturameioambiente.sp.gov.br\/institutogeologico\/wp-json\/wp\/v2\/media\/9580"}],"wp:attachment":[{"href":"https:\/\/www.infraestruturameioambiente.sp.gov.br\/institutogeologico\/wp-json\/wp\/v2\/media?parent=9622"}],"wp:term":[{"taxonomy":"category","embeddable":true,"href":"https:\/\/www.infraestruturameioambiente.sp.gov.br\/institutogeologico\/wp-json\/wp\/v2\/categories?post=9622"},{"taxonomy":"post_tag","embeddable":true,"href":"https:\/\/www.infraestruturameioambiente.sp.gov.br\/institutogeologico\/wp-json\/wp\/v2\/tags?post=9622"}],"curies":[{"name":"wp","href":"https:\/\/api.w.org\/{rel}","templated":true}]}}