{"id":9564,"date":"2015-01-23T09:48:50","date_gmt":"2015-01-23T11:48:50","guid":{"rendered":"https:\/\/www.infraestruturameioambiente.sp.gov.br\/institutogeologico\/?p=9564"},"modified":"2015-01-23T09:49:48","modified_gmt":"2015-01-23T11:49:48","slug":"pesquisa-aponta-diferencas-entre-o-relevo-carstico","status":"publish","type":"post","link":"https:\/\/www.infraestruturameioambiente.sp.gov.br\/institutogeologico\/2015\/01\/pesquisa-aponta-diferencas-entre-o-relevo-carstico\/","title":{"rendered":"Pesquisa aponta diferen\u00e7as entre o relevo c\u00e1rstico do Planalto de Guapiara e a Serra de Paranapiacaba, no Vale do Ribeira"},"content":{"rendered":"<p style=\"text-align: justify\"><span style=\"line-height: 1.5em\">Pesquisa cient\u00edfica orientada pelo pesquisador Dr. William Sallun Filho recentemente publicada na revista de Geoci\u00eancias da UNESP revela diferen\u00e7as em compartimento geol\u00f3gico no Vale do Ribeira.<\/span><\/p>\n<p style=\"text-align: justify\">A \u00e1rea de estudo est\u00e1 localizada na regi\u00e3o das cabeceiras dos rios das Almas e S\u00e3o Jos\u00e9 de Guapiara (Bacia hidrogr\u00e1fica do Rio Paranapanema &#8211; Planalto de Guapiara) e do Rio Pil\u00f5es (Bacia hidrogr\u00e1fica do Rio Ribeira de Iguape &#8211; Serra de Paranapiacaba). As rochas que ocorrem nessa \u00e1rea s\u00e3o carbon\u00e1ticas (Calc\u00e1rios e Dolomitos) datadas entre 1 bilh\u00e3o e 500 milh\u00f5es de anos.<\/p>\n<p style=\"text-align: justify\">Informa\u00e7\u00f5es levantadas em trabalhos de campo permitiram observar que, apesar de cont\u00ednuas entre o Planalto de Guapiara e a Serra de Paranapiacaba, as rochas carbon\u00e1ticas apresentam fei\u00e7\u00f5es c\u00e1rsticas com caracter\u00edsticas distintas entre estes dois compartimentos, sugerindo que a geomorfologia pode ter contribu\u00eddo para esta diferencia\u00e7\u00e3o entre os setores abordados.<\/p>\n<p style=\"text-align: justify\">O Planalto de Guapiara apresenta relevo mais suavizado, onde a \u00e1gua escorre mais devagar, com regime h\u00eddrico predominantemente fluvial (rios), exibindo um sistema c\u00e1rstico com fei\u00e7\u00f5es menos desenvolvidas e mais dispersas em rela\u00e7\u00e3o \u00e0 regi\u00e3o da serra.<\/p>\n<p style=\"text-align: justify\">Na Serra de Paranapiacaba, compartimento que predomina a topografia mais acidentada, onde a \u00e1gua escorre mais r\u00e1pida e regime fluvioc\u00e1rstico (rios e rios subterr\u00e2neos), permitiram o desenvolvimento de um sistema c\u00e1rstico mais expressivo com presen\u00e7a de rede de condutos e fei\u00e7\u00f5es associadas com maior densidade de ocorr\u00eancia em rela\u00e7\u00e3o \u00e0 regi\u00e3o do Planalto de Guapiara.<\/p>\n<p style=\"text-align: justify\">Localizado na regi\u00e3o do Parque Estadual Intervales, no sul do Estado de S\u00e3o Paulo. As pesquisas fazem parte do mestrado de Bruno Daniel Lenhare e contaram com a participa\u00e7\u00e3o de alunos de gradua\u00e7\u00e3o e pesquisadores do Instituto de Geoci\u00eancias da Universidade de S\u00e3o Paulo, financiamento da FAPESP por meio do Aux\u00edlio \u00e0 Pesquisa, colabora\u00e7\u00e3o da administra\u00e7\u00e3o e funcion\u00e1rios do Parque Estadual Intervales (FF\/SMA), Grupo Pierre Martin de Espeleologia (GPME) e t\u00e9cnicos do Instituto Geol\u00f3gico.<\/p>\n<p style=\"text-align: justify\">LENHARE, B. D.;\u00a0SALLUN FILHO, W.\u00a0O carste nas cabeceiras dos rios das Almas, S\u00e3o Jos\u00e9 de Guapiara (Bacia do Paranapanema) e do Rio Pil\u00f5es (Bacia do Rio Ribeira de Iguape), SP. Geoci\u00eancias (S\u00e3o Paulo. Online), v. 33, p. 686-700, 2014.<\/p>\n<p style=\"text-align: justify\">Para acessar o artigo completo <a href=\"http:\/\/www.periodicos.rc.biblioteca.unesp.br\/index.php\/geociencias\/article\/view\/9514\">CLIQUE AQUI<\/a><\/p>\n","protected":false},"excerpt":{"rendered":"<p>Pesquisa cient\u00edfica orientada pelo pesquisador Dr. William Sallun Filho recentemente publicada na revista de Geoci\u00eancias da UNESP revela diferen\u00e7as em compartimento geol\u00f3gico no Vale do Ribeira. A \u00e1rea de estudo est\u00e1 localizada na regi\u00e3o das cabeceiras dos rios das Almas e S\u00e3o Jos\u00e9 de Guapiara (Bacia hidrogr\u00e1fica do Rio Paranapanema &#8211; Planalto de Guapiara) e [&hellip;]<\/p>\n","protected":false},"author":25,"featured_media":9565,"comment_status":"closed","ping_status":"open","sticky":false,"template":"","format":"standard","meta":[],"categories":[1850],"tags":[],"_links":{"self":[{"href":"https:\/\/www.infraestruturameioambiente.sp.gov.br\/institutogeologico\/wp-json\/wp\/v2\/posts\/9564"}],"collection":[{"href":"https:\/\/www.infraestruturameioambiente.sp.gov.br\/institutogeologico\/wp-json\/wp\/v2\/posts"}],"about":[{"href":"https:\/\/www.infraestruturameioambiente.sp.gov.br\/institutogeologico\/wp-json\/wp\/v2\/types\/post"}],"author":[{"embeddable":true,"href":"https:\/\/www.infraestruturameioambiente.sp.gov.br\/institutogeologico\/wp-json\/wp\/v2\/users\/25"}],"replies":[{"embeddable":true,"href":"https:\/\/www.infraestruturameioambiente.sp.gov.br\/institutogeologico\/wp-json\/wp\/v2\/comments?post=9564"}],"version-history":[{"count":3,"href":"https:\/\/www.infraestruturameioambiente.sp.gov.br\/institutogeologico\/wp-json\/wp\/v2\/posts\/9564\/revisions"}],"predecessor-version":[{"id":9568,"href":"https:\/\/www.infraestruturameioambiente.sp.gov.br\/institutogeologico\/wp-json\/wp\/v2\/posts\/9564\/revisions\/9568"}],"wp:featuredmedia":[{"embeddable":true,"href":"https:\/\/www.infraestruturameioambiente.sp.gov.br\/institutogeologico\/wp-json\/wp\/v2\/media\/9565"}],"wp:attachment":[{"href":"https:\/\/www.infraestruturameioambiente.sp.gov.br\/institutogeologico\/wp-json\/wp\/v2\/media?parent=9564"}],"wp:term":[{"taxonomy":"category","embeddable":true,"href":"https:\/\/www.infraestruturameioambiente.sp.gov.br\/institutogeologico\/wp-json\/wp\/v2\/categories?post=9564"},{"taxonomy":"post_tag","embeddable":true,"href":"https:\/\/www.infraestruturameioambiente.sp.gov.br\/institutogeologico\/wp-json\/wp\/v2\/tags?post=9564"}],"curies":[{"name":"wp","href":"https:\/\/api.w.org\/{rel}","templated":true}]}}