{"id":9558,"date":"2015-01-15T15:59:41","date_gmt":"2015-01-15T17:59:41","guid":{"rendered":"https:\/\/www.infraestruturameioambiente.sp.gov.br\/institutogeologico\/?p=9558"},"modified":"2015-01-26T08:06:29","modified_gmt":"2015-01-26T10:06:29","slug":"pesquisador-do-instituto-geologico-publica-artigo-cientifico-na-international-journal-of-speleology","status":"publish","type":"post","link":"https:\/\/www.infraestruturameioambiente.sp.gov.br\/institutogeologico\/2015\/01\/pesquisador-do-instituto-geologico-publica-artigo-cientifico-na-international-journal-of-speleology\/","title":{"rendered":"Pesquisador do Instituto Geol\u00f3gico publica artigo cient\u00edfico na International Journal of Speleology"},"content":{"rendered":"<div class=\"wc-gallery\"><div id='gallery-1' data-gutter-width='5' data-columns='1' class='gallery wc-gallery-captions-onhover gallery-link-file gallery-masonry galleryid-9558 gallery-columns-1 gallery-size-thumbnail wc-gallery-bottomspace-default wc-gallery-clear'><div class='gallery-item gallery-item-position-1 gallery-item-attachment-9560'>\n\t\t\t\t<div class='gallery-icon landscape'>\n\t\t\t\t\t<a href='https:\/\/www.infraestruturameioambiente.sp.gov.br\/institutogeologico\/wp-content\/uploads\/sites\/233\/2015\/01\/Front_Cover_ISJ-600x720.jpg' title='Front_Cover_ISJ' target='_self'><img width=\"150\" height=\"150\" src=\"https:\/\/www.infraestruturameioambiente.sp.gov.br\/institutogeologico\/wp-content\/uploads\/sites\/233\/2015\/01\/Front_Cover_ISJ-150x150.jpg\" class=\"attachment-thumbnail size-thumbnail\" alt=\"\" decoding=\"async\" loading=\"lazy\" \/><\/a>\n\t\t\t\t<\/div>\n\t\t\t\t\t<div class='wp-caption-text gallery-caption'>\n\t\t\t\t\t\t<p>\n\t\t\t\t\t\tCapa da Revista Foto: Adriano Gambarini\n\t\t\t\t\t\t<\/p>\n\t\t\t\t\t<\/div><\/div><div class='gallery-item gallery-item-position-2 gallery-item-attachment-9559'>\n\t\t\t\t<div class='gallery-icon landscape'>\n\t\t\t\t\t<a href='https:\/\/www.infraestruturameioambiente.sp.gov.br\/institutogeologico\/wp-content\/uploads\/sites\/233\/2015\/01\/ISJ_Artigo_William-600x530.jpg' title='ISJ_Artigo_William' target='_self'><img width=\"150\" height=\"150\" src=\"https:\/\/www.infraestruturameioambiente.sp.gov.br\/institutogeologico\/wp-content\/uploads\/sites\/233\/2015\/01\/ISJ_Artigo_William-150x150.jpg\" class=\"attachment-thumbnail size-thumbnail\" alt=\"\" decoding=\"async\" loading=\"lazy\" \/><\/a>\n\t\t\t\t<\/div>\n\t\t\t\t\t<div class='wp-caption-text gallery-caption'>\n\t\t\t\t\t\t<p>\n\t\t\t\t\t\tCaverna do Diabo Foto: William Sallun Filho\n\t\t\t\t\t\t<\/p>\n\t\t\t\t\t<\/div><\/div><\/div>\n<\/div>\n<p style=\"text-align: justify\">Pesquisa cient\u00edfica coordenada pelo pesquisador Dr. William Sallun Filho \u00e9 destaque da capa da edi\u00e7\u00e3o de janeiro da revista International Journal of Speleology.<\/p>\n<p style=\"text-align: justify\">O artigo trata dos controles estruturais e hidrol\u00f3gicos que propiciaram o desenvolvimento da Gruta da Tapagem (Caverna do Diabo) na regi\u00e3o da Serra do Andr\u00e9 Lopes (Vale do Ribeira, Estado de S\u00e3o Paulo, sudeste do Brasil). Embora a regi\u00e3o seja um planalto com varia\u00e7\u00e3o significativa na eleva\u00e7\u00e3o e um clima subtropical \u00famido, a caverna \u00e9 uma anomalia no carste de Andr\u00e9 Lopes, pois no local h\u00e1 poucas cavernas e a maioria tem pequena dimens\u00e3o.<\/p>\n<p style=\"text-align: justify\">Apesar de ser recente a pesquisa concluiu que a cria\u00e7\u00e3o da caverna s\u00f3 foi poss\u00edvel devido ao desenvolvimento do Rio das Ostras, um vale entalhado, que condicionou a captura do Rio Tapagem, formador da caverna, que \u00e9 um afluente do rio subterr\u00e2neo Ostras. Al\u00e9m disso, os rios Tapagem e Ostras tem importante contribui\u00e7\u00e3o de \u00e1guas provindas de fora dos dolomitos, o que proporciona maior acidez da \u00e1gua, consequentemente maior dissolu\u00e7\u00e3o dos dolomitos e forma\u00e7\u00e3o de cavernas.<\/p>\n<p style=\"text-align: justify\">Ap\u00f3s uma s\u00e9rie de colapsos e obstru\u00e7\u00f5es, o rio infiltra atrav\u00e9s do sumidouro atual, criando um vale totalmente cego. Atualmente, a caverna tem uma diferen\u00e7a de altitude de 120 m entre a entrada e o ressurgimento, o que corresponde \u00e0 diferen\u00e7a de enraizamento entre os dois vales.<\/p>\n<p style=\"text-align: justify\">O local do estudo est\u00e1 localizado no Parque Estadual Caverna do Diabo e na APA Quilombos do M\u00e9dio-Ribeira, no sul do Estado de S\u00e3o Paulo. As pesquisas contaram com a participa\u00e7\u00e3o de alunos e pesquisadores do Instituto de Geoci\u00eancias da Universidade de S\u00e3o Paulo, financiamento da FAPESP por meio do Aux\u00edlio \u00e0 Pesquisa e colabora\u00e7\u00e3o da administra\u00e7\u00e3o e funcion\u00e1rios do Parque Estadual Caverna do Diabo (FF\/SMA).<\/p>\n<p style=\"text-align: justify\">Sallun Filho, \u00a0W.; Cordeiro, B.M.; Karmann, I. 2014. Structural and hydrological controls on the development of a river cave in marble (Tapagem Cave &#8211; southeastern Brazil). International Journal of Speleology, 44 (1): 75-90.<\/p>\n<p>\u00a0O artigo na \u00edntegra (em ingl\u00eas) est\u00e1 dispon\u00edvel em:\u00a0<a href=\"http:\/\/scholarcommons.usf.edu\/ijs\/vol44\/iss1\/7\/\">CLIQUE AQUI<\/a><\/p>\n","protected":false},"excerpt":{"rendered":"<p>Pesquisa cient\u00edfica coordenada pelo pesquisador Dr. William Sallun Filho \u00e9 destaque da capa da edi\u00e7\u00e3o de janeiro da revista International Journal of Speleology. O artigo trata dos controles estruturais e hidrol\u00f3gicos que propiciaram o desenvolvimento da Gruta da Tapagem (Caverna do Diabo) na regi\u00e3o da Serra do Andr\u00e9 Lopes (Vale do Ribeira, Estado de S\u00e3o [&hellip;]<\/p>\n","protected":false},"author":25,"featured_media":9559,"comment_status":"closed","ping_status":"open","sticky":false,"template":"","format":"standard","meta":[],"categories":[1850],"tags":[],"_links":{"self":[{"href":"https:\/\/www.infraestruturameioambiente.sp.gov.br\/institutogeologico\/wp-json\/wp\/v2\/posts\/9558"}],"collection":[{"href":"https:\/\/www.infraestruturameioambiente.sp.gov.br\/institutogeologico\/wp-json\/wp\/v2\/posts"}],"about":[{"href":"https:\/\/www.infraestruturameioambiente.sp.gov.br\/institutogeologico\/wp-json\/wp\/v2\/types\/post"}],"author":[{"embeddable":true,"href":"https:\/\/www.infraestruturameioambiente.sp.gov.br\/institutogeologico\/wp-json\/wp\/v2\/users\/25"}],"replies":[{"embeddable":true,"href":"https:\/\/www.infraestruturameioambiente.sp.gov.br\/institutogeologico\/wp-json\/wp\/v2\/comments?post=9558"}],"version-history":[{"count":3,"href":"https:\/\/www.infraestruturameioambiente.sp.gov.br\/institutogeologico\/wp-json\/wp\/v2\/posts\/9558\/revisions"}],"predecessor-version":[{"id":9570,"href":"https:\/\/www.infraestruturameioambiente.sp.gov.br\/institutogeologico\/wp-json\/wp\/v2\/posts\/9558\/revisions\/9570"}],"wp:featuredmedia":[{"embeddable":true,"href":"https:\/\/www.infraestruturameioambiente.sp.gov.br\/institutogeologico\/wp-json\/wp\/v2\/media\/9559"}],"wp:attachment":[{"href":"https:\/\/www.infraestruturameioambiente.sp.gov.br\/institutogeologico\/wp-json\/wp\/v2\/media?parent=9558"}],"wp:term":[{"taxonomy":"category","embeddable":true,"href":"https:\/\/www.infraestruturameioambiente.sp.gov.br\/institutogeologico\/wp-json\/wp\/v2\/categories?post=9558"},{"taxonomy":"post_tag","embeddable":true,"href":"https:\/\/www.infraestruturameioambiente.sp.gov.br\/institutogeologico\/wp-json\/wp\/v2\/tags?post=9558"}],"curies":[{"name":"wp","href":"https:\/\/api.w.org\/{rel}","templated":true}]}}