{"id":9455,"date":"2014-10-22T20:17:30","date_gmt":"2014-10-22T22:17:30","guid":{"rendered":"https:\/\/www.infraestruturameioambiente.sp.gov.br\/institutogeologico\/?p=9455"},"modified":"2014-10-22T20:18:34","modified_gmt":"2014-10-22T22:18:34","slug":"2o-curso-de-percepcao-de-perigos-e-riscos-geologicos-e-ministrado-pelo-ig-para-profissionais-da-educacao-no-municipio-de-campos-do-jordao-sp","status":"publish","type":"post","link":"https:\/\/www.infraestruturameioambiente.sp.gov.br\/institutogeologico\/2014\/10\/2o-curso-de-percepcao-de-perigos-e-riscos-geologicos-e-ministrado-pelo-ig-para-profissionais-da-educacao-no-municipio-de-campos-do-jordao-sp\/","title":{"rendered":"2\u00ba Curso de Percep\u00e7\u00e3o de Perigos e Riscos Geol\u00f3gicos \u00e9 ministrado pelo IG para profissionais da Educa\u00e7\u00e3o no Munic\u00edpio de Campos do Jord\u00e3o (SP)"},"content":{"rendered":"<div class=\"wc-gallery\"><div id='gallery-1' data-gutter-width='5' data-columns='1' class='gallery wc-gallery-captions-onhover gallery-link-file gallery-masonry galleryid-9455 gallery-columns-1 gallery-size-thumbnail wc-gallery-bottomspace-default wc-gallery-clear'><div class='gallery-item gallery-item-position-1 gallery-item-attachment-9456'>\n\t\t\t\t<div class='gallery-icon landscape'>\n\t\t\t\t\t<a href='https:\/\/www.infraestruturameioambiente.sp.gov.br\/institutogeologico\/wp-content\/uploads\/sites\/233\/2014\/10\/Curso_Percepcao_Risco_CDJ_16out2014_01-600x685.jpg' title='Curso_Percepcao_Risco_CDJ_16out2014_01' target='_self'><img width=\"150\" height=\"150\" src=\"https:\/\/www.infraestruturameioambiente.sp.gov.br\/institutogeologico\/wp-content\/uploads\/sites\/233\/2014\/10\/Curso_Percepcao_Risco_CDJ_16out2014_01-150x150.jpg\" class=\"attachment-thumbnail size-thumbnail\" alt=\"\" decoding=\"async\" loading=\"lazy\" \/><\/a>\n\t\t\t\t<\/div><\/div><div class='gallery-item gallery-item-position-2 gallery-item-attachment-9457'>\n\t\t\t\t<div class='gallery-icon landscape'>\n\t\t\t\t\t<a href='https:\/\/www.infraestruturameioambiente.sp.gov.br\/institutogeologico\/wp-content\/uploads\/sites\/233\/2014\/10\/Curso_Percepcao_Risco_CDJ_16out2014_02-600x685.jpg' title='Curso_Percepcao_Risco_CDJ_16out2014_02' target='_self'><img width=\"150\" height=\"150\" src=\"https:\/\/www.infraestruturameioambiente.sp.gov.br\/institutogeologico\/wp-content\/uploads\/sites\/233\/2014\/10\/Curso_Percepcao_Risco_CDJ_16out2014_02-150x150.jpg\" class=\"attachment-thumbnail size-thumbnail\" alt=\"\" decoding=\"async\" loading=\"lazy\" \/><\/a>\n\t\t\t\t<\/div><\/div><div class='gallery-item gallery-item-position-3 gallery-item-attachment-9458'>\n\t\t\t\t<div class='gallery-icon landscape'>\n\t\t\t\t\t<a href='https:\/\/www.infraestruturameioambiente.sp.gov.br\/institutogeologico\/wp-content\/uploads\/sites\/233\/2014\/10\/Curso_Percepcao_Risco_CDJ_17out2014_01-600x685.jpg' title='Curso_Percepcao_Risco_CDJ_17out2014_01' target='_self'><img width=\"150\" height=\"150\" src=\"https:\/\/www.infraestruturameioambiente.sp.gov.br\/institutogeologico\/wp-content\/uploads\/sites\/233\/2014\/10\/Curso_Percepcao_Risco_CDJ_17out2014_01-150x150.jpg\" class=\"attachment-thumbnail size-thumbnail\" alt=\"\" decoding=\"async\" loading=\"lazy\" \/><\/a>\n\t\t\t\t<\/div><\/div><div class='gallery-item gallery-item-position-4 gallery-item-attachment-9459'>\n\t\t\t\t<div class='gallery-icon landscape'>\n\t\t\t\t\t<a href='https:\/\/www.infraestruturameioambiente.sp.gov.br\/institutogeologico\/wp-content\/uploads\/sites\/233\/2014\/10\/Curso_Percepcao_Risco_CDJ_17out2014_02-600x685.jpg' title='Curso_Percepcao_Risco_CDJ_17out2014_02' target='_self'><img width=\"150\" height=\"150\" src=\"https:\/\/www.infraestruturameioambiente.sp.gov.br\/institutogeologico\/wp-content\/uploads\/sites\/233\/2014\/10\/Curso_Percepcao_Risco_CDJ_17out2014_02-150x150.jpg\" class=\"attachment-thumbnail size-thumbnail\" alt=\"\" decoding=\"async\" loading=\"lazy\" \/><\/a>\n\t\t\t\t<\/div><\/div><div class='gallery-item gallery-item-position-5 gallery-item-attachment-9460'>\n\t\t\t\t<div class='gallery-icon landscape'>\n\t\t\t\t\t<a href='https:\/\/www.infraestruturameioambiente.sp.gov.br\/institutogeologico\/wp-content\/uploads\/sites\/233\/2014\/10\/Curso_Percepcao_Risco_CDJ_17out2014_03-600x685.jpg' title='Curso_Percepcao_Risco_CDJ_17out2014_03' target='_self'><img width=\"150\" height=\"150\" src=\"https:\/\/www.infraestruturameioambiente.sp.gov.br\/institutogeologico\/wp-content\/uploads\/sites\/233\/2014\/10\/Curso_Percepcao_Risco_CDJ_17out2014_03-150x150.jpg\" class=\"attachment-thumbnail size-thumbnail\" alt=\"\" decoding=\"async\" loading=\"lazy\" \/><\/a>\n\t\t\t\t<\/div><\/div><div class='gallery-item gallery-item-position-6 gallery-item-attachment-9461'>\n\t\t\t\t<div class='gallery-icon landscape'>\n\t\t\t\t\t<a href='https:\/\/www.infraestruturameioambiente.sp.gov.br\/institutogeologico\/wp-content\/uploads\/sites\/233\/2014\/10\/Curso_Percepcao_Risco_CDJ_17out2014_04-600x685.jpg' title='Curso_Percepcao_Risco_CDJ_17out2014_04' target='_self'><img width=\"150\" height=\"150\" src=\"https:\/\/www.infraestruturameioambiente.sp.gov.br\/institutogeologico\/wp-content\/uploads\/sites\/233\/2014\/10\/Curso_Percepcao_Risco_CDJ_17out2014_04-150x150.jpg\" class=\"attachment-thumbnail size-thumbnail\" alt=\"\" decoding=\"async\" loading=\"lazy\" \/><\/a>\n\t\t\t\t<\/div><\/div><\/div>\n<\/div>\n<p>&nbsp;<\/p>\n<p style=\"text-align: justify\">Nos dias 16 e 17 de outubro de 2014 o Instituto Geol\u00f3gico (IG) ministrou o 2\u00ba Curso de \u201cPercep\u00e7\u00e3o de Perigos e Riscos Geol\u00f3gicos\u201d para os profissionais da rede de ensino de Campos do Jord\u00e3o (SP), na sede da Secretaria Municipal de Educa\u00e7\u00e3o.<\/p>\n<p style=\"text-align: justify\">O curso foi oferecido como atividade complementar ao Mapeamento das \u00c1reas de Risco realizado pelo IG e entregue em cerimonia na C\u00e2mara Municipal, em maio deste ano. Esta atividade permitiu aos profissionais participantes (da educa\u00e7\u00e3o infantil e do ensino fundamental) a constru\u00e7\u00e3o da percep\u00e7\u00e3o de risco por meio do contato com os conceitos ligados a Perigos e Riscos Geol\u00f3gicos (1\u00ba dia), e da aplica\u00e7\u00e3o pr\u00e1tica dos conte\u00fados em atividade de campo realizada no bairro Santo Ant\u00f4nio (2\u00ba dia).<\/p>\n<p style=\"text-align: justify\">O principal objetivo desta atividade \u00e9 fornecer subs\u00eddios b\u00e1sicos para que esses profissionais possam desenvolver habilidades e compet\u00eancias voltadas ao enfrentamento dos desastres naturais, especialmente em comunidades escolares situadas em \u00e1reas de risco.<\/p>\n<p style=\"text-align: justify\">A capacita\u00e7\u00e3o das comunidades e das equipes municipais em percep\u00e7\u00e3o de risco \u00e9 uma das a\u00e7\u00f5es postuladas pelo Decreto Estadual n\u00ba 57.512\/11 (Programa Estadual de Preven\u00e7\u00e3o de Desastres Naturais e Redu\u00e7\u00e3o de Riscos Geol\u00f3gicos \u2013 PDN) e pela Lei Federal n\u00ba 12.608\/12 (Pol\u00edtica Nacional de Prote\u00e7\u00e3o e Defesa Civil \u2013 PNPDC), que objetivam o desenvolvimento sustent\u00e1vel e maior resili\u00eancia dos munic\u00edpios frente aos desastres naturais. O primeiro curso de Percep\u00e7\u00e3o de Riscos voltados aos profissionais da educa\u00e7\u00e3o do munic\u00edpio foi realizado no per\u00edodo de 21 a 23 de maio de 2014.<\/p>\n<p style=\"text-align: justify\">A equipe do Instituto Geol\u00f3gico respons\u00e1vel pelo curso foi composta pelo Pesquisador Rog\u00e9rio Rodrigues Ribeiro, pelo Especialista Ambiental Eduardo de Andrade e pelo T\u00e9cnico Daniel Rodrigues de Fran\u00e7a. Esta realiza\u00e7\u00e3o contou tamb\u00e9m com o apoio da Defesa Civil Municipal, da Secretaria Municipal de Educa\u00e7\u00e3o de Campos do Jord\u00e3o e da Coordenadoria Estadual de Defesa Civil (CEDEC).<\/p>\n","protected":false},"excerpt":{"rendered":"<p>&nbsp; Nos dias 16 e 17 de outubro de 2014 o Instituto Geol\u00f3gico (IG) ministrou o 2\u00ba Curso de \u201cPercep\u00e7\u00e3o de Perigos e Riscos Geol\u00f3gicos\u201d para os profissionais da rede de ensino de Campos do Jord\u00e3o (SP), na sede da Secretaria Municipal de Educa\u00e7\u00e3o. O curso foi oferecido como atividade complementar ao Mapeamento das \u00c1reas [&hellip;]<\/p>\n","protected":false},"author":25,"featured_media":9459,"comment_status":"closed","ping_status":"open","sticky":false,"template":"","format":"standard","meta":[],"categories":[1850],"tags":[],"_links":{"self":[{"href":"https:\/\/www.infraestruturameioambiente.sp.gov.br\/institutogeologico\/wp-json\/wp\/v2\/posts\/9455"}],"collection":[{"href":"https:\/\/www.infraestruturameioambiente.sp.gov.br\/institutogeologico\/wp-json\/wp\/v2\/posts"}],"about":[{"href":"https:\/\/www.infraestruturameioambiente.sp.gov.br\/institutogeologico\/wp-json\/wp\/v2\/types\/post"}],"author":[{"embeddable":true,"href":"https:\/\/www.infraestruturameioambiente.sp.gov.br\/institutogeologico\/wp-json\/wp\/v2\/users\/25"}],"replies":[{"embeddable":true,"href":"https:\/\/www.infraestruturameioambiente.sp.gov.br\/institutogeologico\/wp-json\/wp\/v2\/comments?post=9455"}],"version-history":[{"count":2,"href":"https:\/\/www.infraestruturameioambiente.sp.gov.br\/institutogeologico\/wp-json\/wp\/v2\/posts\/9455\/revisions"}],"predecessor-version":[{"id":9463,"href":"https:\/\/www.infraestruturameioambiente.sp.gov.br\/institutogeologico\/wp-json\/wp\/v2\/posts\/9455\/revisions\/9463"}],"wp:featuredmedia":[{"embeddable":true,"href":"https:\/\/www.infraestruturameioambiente.sp.gov.br\/institutogeologico\/wp-json\/wp\/v2\/media\/9459"}],"wp:attachment":[{"href":"https:\/\/www.infraestruturameioambiente.sp.gov.br\/institutogeologico\/wp-json\/wp\/v2\/media?parent=9455"}],"wp:term":[{"taxonomy":"category","embeddable":true,"href":"https:\/\/www.infraestruturameioambiente.sp.gov.br\/institutogeologico\/wp-json\/wp\/v2\/categories?post=9455"},{"taxonomy":"post_tag","embeddable":true,"href":"https:\/\/www.infraestruturameioambiente.sp.gov.br\/institutogeologico\/wp-json\/wp\/v2\/tags?post=9455"}],"curies":[{"name":"wp","href":"https:\/\/api.w.org\/{rel}","templated":true}]}}