{"id":9446,"date":"2014-10-14T21:26:56","date_gmt":"2014-10-15T00:26:56","guid":{"rendered":"https:\/\/www.infraestruturameioambiente.sp.gov.br\/institutogeologico\/?p=9446"},"modified":"2014-10-14T21:27:41","modified_gmt":"2014-10-15T00:27:41","slug":"pesquisadores-do-ig-e-do-ipt-apresentam-projeto-de-pesquisa-em-reuniao-na-prefeitura-municipal-de-bastos","status":"publish","type":"post","link":"https:\/\/www.infraestruturameioambiente.sp.gov.br\/institutogeologico\/2014\/10\/pesquisadores-do-ig-e-do-ipt-apresentam-projeto-de-pesquisa-em-reuniao-na-prefeitura-municipal-de-bastos\/","title":{"rendered":"Pesquisadores do IG e do IPT apresentam Projeto de Pesquisa em Reuni\u00e3o na Prefeitura Municipal de Bastos"},"content":{"rendered":"<p style=\"text-align: justify\"><a href=\"https:\/\/www.infraestruturameioambiente.sp.gov.br\/wp-content\/uploads\/sites\/233\/2014\/10\/Reuniao_Hidro_Bastos.jpg\"><img decoding=\"async\" loading=\"lazy\" class=\"alignleft size-thumbnail wp-image-9448\" alt=\"Reuniao_Hidro_Bastos\" src=\"https:\/\/www.infraestruturameioambiente.sp.gov.br\/wp-content\/uploads\/sites\/233\/2014\/10\/Reuniao_Hidro_Bastos-150x150.jpg\" width=\"150\" height=\"150\" srcset=\"https:\/\/www.infraestruturameioambiente.sp.gov.br\/institutogeologico\/wp-content\/uploads\/sites\/233\/2014\/10\/Reuniao_Hidro_Bastos-150x150.jpg 150w, https:\/\/www.infraestruturameioambiente.sp.gov.br\/institutogeologico\/wp-content\/uploads\/sites\/233\/2014\/10\/Reuniao_Hidro_Bastos-600x600.jpg 600w\" sizes=\"(max-width: 150px) 100vw, 150px\" \/><\/a>No dia 22 de julho de 2014, os pesquisadores Claudia Varnier do N\u00facleo de Hidrogeologia do Instituto Geol\u00f3gico (IG\/SMA), Jos\u00e9 Luiz Albuquerque Filho e Tatiana Tavares, ambos do Centro de Tecnologias Geoambientais (CTGeo) do Instituto de Pesquisas Tecnol\u00f3gicas (IPT), apresentaram o Projeto de Pesquisa intitulado \u201cAvalia\u00e7\u00e3o da Contamina\u00e7\u00e3o por Nitrato nas \u00c1guas Subterr\u00e2neas do Sistema Aqu\u00edfero Bauru, na \u00c1rea Rural do Munic\u00edpio de Bastos (SP)\u201d, em reuni\u00e3o ocorrida no audit\u00f3rio da Prefeitura Municipal de Bastos. O objetivo principal deste estudo consiste em avaliar e caracterizar a contamina\u00e7\u00e3o de nitrato nas \u00e1guas subterr\u00e2neas frente \u00e0s atividades agropecu\u00e1rias na \u00e1rea rural do munic\u00edpio de Bastos, bem como propor medidas de mitiga\u00e7\u00e3o do problema e de prote\u00e7\u00e3o aos recursos h\u00eddricos subterr\u00e2neos. Salienta-se que esta pesquisa conta com o apoio dos pesquisadores do Instituto Geol\u00f3gico (IG\/SMA) e est\u00e1 inserida no projeto maior, intitulado \u201cEstudos de Restri\u00e7\u00f5es em Aqu\u00edferos no Alto Aguape\u00ed e Alto Peixe (Bauru e Guarani)\u201d, cujo tomador de recursos financeiros junto ao Fundo Estadual de Recursos H\u00eddricos (FEHIDRO) \u00e9 o Instituto de Pesquisas Tecnol\u00f3gicas (IPT).<\/p>\n<p style=\"text-align: justify\">Ap\u00f3s a apresenta\u00e7\u00e3o, foi realizada discuss\u00e3o do tema em pauta para que os acordos entre os interessados fossem formalizados.<\/p>\n<p style=\"text-align: justify\">A reuni\u00e3o contou com a participa\u00e7\u00e3o de profissionais do DAEE (Mar\u00edlia), da Prefeitura Municipal de Bastos, inclusive a prefeita Virg\u00ednia Pereira da Silva Fernandes, e do Sindicato Rural de Bastos.<\/p>\n","protected":false},"excerpt":{"rendered":"<p>No dia 22 de julho de 2014, os pesquisadores Claudia Varnier do N\u00facleo de Hidrogeologia do Instituto Geol\u00f3gico (IG\/SMA), Jos\u00e9 Luiz Albuquerque Filho e Tatiana Tavares, ambos do Centro de Tecnologias Geoambientais (CTGeo) do Instituto de Pesquisas Tecnol\u00f3gicas (IPT), apresentaram o Projeto de Pesquisa intitulado \u201cAvalia\u00e7\u00e3o da Contamina\u00e7\u00e3o por Nitrato nas \u00c1guas Subterr\u00e2neas do Sistema [&hellip;]<\/p>\n","protected":false},"author":25,"featured_media":9447,"comment_status":"closed","ping_status":"open","sticky":false,"template":"","format":"standard","meta":[],"categories":[1850],"tags":[],"_links":{"self":[{"href":"https:\/\/www.infraestruturameioambiente.sp.gov.br\/institutogeologico\/wp-json\/wp\/v2\/posts\/9446"}],"collection":[{"href":"https:\/\/www.infraestruturameioambiente.sp.gov.br\/institutogeologico\/wp-json\/wp\/v2\/posts"}],"about":[{"href":"https:\/\/www.infraestruturameioambiente.sp.gov.br\/institutogeologico\/wp-json\/wp\/v2\/types\/post"}],"author":[{"embeddable":true,"href":"https:\/\/www.infraestruturameioambiente.sp.gov.br\/institutogeologico\/wp-json\/wp\/v2\/users\/25"}],"replies":[{"embeddable":true,"href":"https:\/\/www.infraestruturameioambiente.sp.gov.br\/institutogeologico\/wp-json\/wp\/v2\/comments?post=9446"}],"version-history":[{"count":1,"href":"https:\/\/www.infraestruturameioambiente.sp.gov.br\/institutogeologico\/wp-json\/wp\/v2\/posts\/9446\/revisions"}],"predecessor-version":[{"id":9449,"href":"https:\/\/www.infraestruturameioambiente.sp.gov.br\/institutogeologico\/wp-json\/wp\/v2\/posts\/9446\/revisions\/9449"}],"wp:featuredmedia":[{"embeddable":true,"href":"https:\/\/www.infraestruturameioambiente.sp.gov.br\/institutogeologico\/wp-json\/wp\/v2\/media\/9447"}],"wp:attachment":[{"href":"https:\/\/www.infraestruturameioambiente.sp.gov.br\/institutogeologico\/wp-json\/wp\/v2\/media?parent=9446"}],"wp:term":[{"taxonomy":"category","embeddable":true,"href":"https:\/\/www.infraestruturameioambiente.sp.gov.br\/institutogeologico\/wp-json\/wp\/v2\/categories?post=9446"},{"taxonomy":"post_tag","embeddable":true,"href":"https:\/\/www.infraestruturameioambiente.sp.gov.br\/institutogeologico\/wp-json\/wp\/v2\/tags?post=9446"}],"curies":[{"name":"wp","href":"https:\/\/api.w.org\/{rel}","templated":true}]}}