{"id":9160,"date":"2014-05-07T21:48:45","date_gmt":"2014-05-08T00:48:45","guid":{"rendered":"https:\/\/www.infraestruturameioambiente.sp.gov.br\/institutogeologico\/?p=9160"},"modified":"2014-05-07T21:52:30","modified_gmt":"2014-05-08T00:52:30","slug":"participacao-do-instituto-geologico-no-seminario-saneamento-e-gestao-de-risco-de-desastres","status":"publish","type":"post","link":"https:\/\/www.infraestruturameioambiente.sp.gov.br\/institutogeologico\/2014\/05\/participacao-do-instituto-geologico-no-seminario-saneamento-e-gestao-de-risco-de-desastres\/","title":{"rendered":"Participa\u00e7\u00e3o do Instituto Geol\u00f3gico no Semin\u00e1rio: Saneamento e Gest\u00e3o de Risco de Desastres"},"content":{"rendered":"<p><img decoding=\"async\" loading=\"lazy\" class=\"alignleft size-thumbnail wp-image-9161\" alt=\"Eduardo (649 x 365)\" src=\"https:\/\/www.infraestruturameioambiente.sp.gov.br\/wp-content\/uploads\/sites\/233\/2014\/05\/Eduardo-649-x-365-150x150.jpg\" width=\"150\" height=\"150\" \/><\/p>\n<p style=\"text-align: justify\">T\u00e9cnicos do Instituto Geol\u00f3gico participaram nesta segunda-feira (05\/05) da Mesa-redonda &#8220;Desenvolvimento sustent\u00e1vel de sistemas de micro e macro drenagem em \u00e1reas urbanas e a quest\u00e3o de an\u00e1lise e monitoramento de risco a inunda\u00e7\u00f5es&#8221; que contou tamb\u00e9m com a presen\u00e7a de t\u00e9cnicos do DAEE e da Regi\u00e3o francesa de \u00cele-de-France. Com modera\u00e7\u00e3o do Diretor Substituto do Instituto, Pesquisador Cient\u00edfico Cl\u00e1udio Jos\u00e9 Ferreira, foram expostos casos e trocadas experi\u00eancias sobre a gest\u00e3o dos recursos h\u00eddricos, monitoramento e gest\u00e3o de riscos no Estado de S\u00e3o Paulo e no entorno parisiense.<\/p>\n<p style=\"text-align: justify\">O evento internacional &#8220;Desenvolvimento Sustent\u00e1vel: qualidade e caminhos da \u00e1gua&#8221; ocorre de 5 a 9 de maio de 2014, das 8h30 \u00e0s 17h30, no Anfiteatro Augusto Ruschi, \u00e0 Avenida Professor Frederico Hermann Junior, 345 &#8211; Alto de Pinheiros &#8211; S\u00e3o Paulo &#8211; SP, sendo uma realiza\u00e7\u00e3o conjunta da Secretaria de Estado do Meio Ambiente &#8211; SMA, da Secretaria de Estado de Saneamento e Recursos H\u00eddricos, da Companhia Ambiental do Estado de S\u00e3o Paulo &#8211; CETESB e da Assessoria Especial para Assuntos Internacionais.<\/p>\n","protected":false},"excerpt":{"rendered":"<p>T\u00e9cnicos do Instituto Geol\u00f3gico participaram nesta segunda-feira (05\/05) da Mesa-redonda &#8220;Desenvolvimento sustent\u00e1vel de sistemas de micro e macro drenagem em \u00e1reas urbanas e a quest\u00e3o de an\u00e1lise e monitoramento de risco a inunda\u00e7\u00f5es&#8221; que contou tamb\u00e9m com a presen\u00e7a de t\u00e9cnicos do DAEE e da Regi\u00e3o francesa de \u00cele-de-France. Com modera\u00e7\u00e3o do Diretor Substituto do [&hellip;]<\/p>\n","protected":false},"author":26,"featured_media":9161,"comment_status":"closed","ping_status":"open","sticky":false,"template":"","format":"standard","meta":[],"categories":[1850],"tags":[],"_links":{"self":[{"href":"https:\/\/www.infraestruturameioambiente.sp.gov.br\/institutogeologico\/wp-json\/wp\/v2\/posts\/9160"}],"collection":[{"href":"https:\/\/www.infraestruturameioambiente.sp.gov.br\/institutogeologico\/wp-json\/wp\/v2\/posts"}],"about":[{"href":"https:\/\/www.infraestruturameioambiente.sp.gov.br\/institutogeologico\/wp-json\/wp\/v2\/types\/post"}],"author":[{"embeddable":true,"href":"https:\/\/www.infraestruturameioambiente.sp.gov.br\/institutogeologico\/wp-json\/wp\/v2\/users\/26"}],"replies":[{"embeddable":true,"href":"https:\/\/www.infraestruturameioambiente.sp.gov.br\/institutogeologico\/wp-json\/wp\/v2\/comments?post=9160"}],"version-history":[{"count":5,"href":"https:\/\/www.infraestruturameioambiente.sp.gov.br\/institutogeologico\/wp-json\/wp\/v2\/posts\/9160\/revisions"}],"predecessor-version":[{"id":9198,"href":"https:\/\/www.infraestruturameioambiente.sp.gov.br\/institutogeologico\/wp-json\/wp\/v2\/posts\/9160\/revisions\/9198"}],"wp:featuredmedia":[{"embeddable":true,"href":"https:\/\/www.infraestruturameioambiente.sp.gov.br\/institutogeologico\/wp-json\/wp\/v2\/media\/9161"}],"wp:attachment":[{"href":"https:\/\/www.infraestruturameioambiente.sp.gov.br\/institutogeologico\/wp-json\/wp\/v2\/media?parent=9160"}],"wp:term":[{"taxonomy":"category","embeddable":true,"href":"https:\/\/www.infraestruturameioambiente.sp.gov.br\/institutogeologico\/wp-json\/wp\/v2\/categories?post=9160"},{"taxonomy":"post_tag","embeddable":true,"href":"https:\/\/www.infraestruturameioambiente.sp.gov.br\/institutogeologico\/wp-json\/wp\/v2\/tags?post=9160"}],"curies":[{"name":"wp","href":"https:\/\/api.w.org\/{rel}","templated":true}]}}