{"id":9130,"date":"2014-05-01T00:00:17","date_gmt":"2014-05-01T03:00:17","guid":{"rendered":"https:\/\/www.infraestruturameioambiente.sp.gov.br\/institutogeologico\/?p=9130"},"modified":"2014-04-30T16:46:22","modified_gmt":"2014-04-30T19:46:22","slug":"instituto-geologico-entrega-mapeamento-de-areas-de-risco-de-campos-do-jordao-no-aniversario-da-cidade","status":"publish","type":"post","link":"https:\/\/www.infraestruturameioambiente.sp.gov.br\/institutogeologico\/2014\/05\/instituto-geologico-entrega-mapeamento-de-areas-de-risco-de-campos-do-jordao-no-aniversario-da-cidade\/","title":{"rendered":"Instituto Geol\u00f3gico entrega mapeamento de \u00e1reas de risco de Campos do Jord\u00e3o no anivers\u00e1rio da cidade"},"content":{"rendered":"<div class=\"wc-gallery\"><div id='gallery-1' data-gutter-width='5' data-columns='1' class='gallery wc-gallery-captions-onhover gallery-link-file gallery-masonry galleryid-9130 gallery-columns-1 gallery-size-thumbnail wc-gallery-bottomspace-default wc-gallery-clear'><div class='gallery-item gallery-item-position-1 gallery-item-attachment-9134'>\n\t\t\t\t<div class='gallery-icon landscape'>\n\t\t\t\t\t<a href='https:\/\/www.infraestruturameioambiente.sp.gov.br\/institutogeologico\/wp-content\/uploads\/sites\/233\/2014\/04\/relat\u00f3rio-foto-2-Medium-600x600.jpg' title='relat\u00f3rio foto 2 (Medium)' target='_self'><img width=\"150\" height=\"150\" src=\"https:\/\/www.infraestruturameioambiente.sp.gov.br\/institutogeologico\/wp-content\/uploads\/sites\/233\/2014\/04\/relat\u00f3rio-foto-2-Medium-150x150.jpg\" class=\"attachment-thumbnail size-thumbnail\" alt=\"\" decoding=\"async\" loading=\"lazy\" srcset=\"https:\/\/www.infraestruturameioambiente.sp.gov.br\/institutogeologico\/wp-content\/uploads\/sites\/233\/2014\/04\/relat\u00f3rio-foto-2-Medium-150x150.jpg 150w, https:\/\/www.infraestruturameioambiente.sp.gov.br\/institutogeologico\/wp-content\/uploads\/sites\/233\/2014\/04\/relat\u00f3rio-foto-2-Medium-600x600.jpg 600w\" sizes=\"(max-width: 150px) 100vw, 150px\" \/><\/a>\n\t\t\t\t<\/div><\/div><div class='gallery-item gallery-item-position-2 gallery-item-attachment-9133'>\n\t\t\t\t<div class='gallery-icon portrait'>\n\t\t\t\t\t<a href='https:\/\/www.infraestruturameioambiente.sp.gov.br\/institutogeologico\/wp-content\/uploads\/sites\/233\/2014\/04\/entrega-relat\u00f3rio-foto-1.jpg' title='entrega relat\u00f3rio foto 1' target='_self'><img width=\"150\" height=\"150\" src=\"https:\/\/www.infraestruturameioambiente.sp.gov.br\/institutogeologico\/wp-content\/uploads\/sites\/233\/2014\/04\/entrega-relat\u00f3rio-foto-1-150x150.jpg\" class=\"attachment-thumbnail size-thumbnail\" alt=\"\" decoding=\"async\" loading=\"lazy\" \/><\/a>\n\t\t\t\t<\/div><\/div><\/div>\n<\/div>\n<p>O relat\u00f3rio executivo do projeto \u201cMapeamento de riscos associados a escorregamentos, inunda\u00e7\u00f5es, eros\u00e3o e solapamento de margens de drenagens do Munic\u00edpio de Campos do Jord\u00e3o\u201d, elaborado pelo Instituto Geol\u00f3gico foi entregue \u00e0 Prefeitura de Campos do Jord\u00e3o, durante as festividades do 140\u00ba anivers\u00e1rio da cidade, em 29\/04\/2014.<\/p>\n<p style=\"text-align: justify\">O trabalho foi desenvolvido entre setembro de 2013 e abril de 2014, tendo como resultado a identifica\u00e7\u00e3o de 40 \u00e1reas de risco, seu detalhamento em setores, atribui\u00e7\u00e3o de graus de risco e recomenda\u00e7\u00f5es para enfrentamento dos problemas. Complementarmente, est\u00e3o previstas a\u00e7\u00f5es de m\u00e9dio prazo visando fomentar a implementa\u00e7\u00e3o de a\u00e7\u00f5es voltadas \u00e0 preven\u00e7\u00e3o e mitiga\u00e7\u00e3o de riscos, entre elas:<\/p>\n<p style=\"text-align: justify;padding-left: 60px\">&#8211; a realiza\u00e7\u00e3o de oficina t\u00e9cnica para os t\u00e9cnicos de diversas secretarias municipais relacionadas ao tema preven\u00e7\u00e3o de desastres e gest\u00e3o de \u00e1reas de risco;<\/p>\n<p style=\"text-align: justify;padding-left: 60px\">&#8211; a realiza\u00e7\u00e3o de curso de capacita\u00e7\u00e3o de professores da rede municipal para forma\u00e7\u00e3o de agentes multiplicadores na percep\u00e7\u00e3o e reconhecimento de riscos;<\/p>\n<p style=\"text-align: justify;padding-left: 60px\">&#8211; a capacita\u00e7\u00e3o de t\u00e9cnicos municipais para a utiliza\u00e7\u00e3o de plataforma SGI-RISCO-IG desenvolvida pelo Instituto Geol\u00f3gico.<\/p>\n<p style=\"text-align: justify\">A entrega oficial do relat\u00f3rio foi feita pelo Cel. PM Marco Aur\u00e9lio Alves Pinto (Secret\u00e1rio da Casa Militar do Governo do Estado de S\u00e3o Paulo) ao Prefeito Frederico Guidoni. Representando o Secret\u00e1rio do Meio Ambiente, Sr. Rubens Naman Rizek Junior, esteve presente o Diretor Substituto do Instituto, Pesquisador Cient\u00edfico Cl\u00e1udio Jos\u00e9 Ferreira.<\/p>\n<p style=\"text-align: justify\">Este mapeamento foi realizado por meio do Termo e Coopera\u00e7\u00e3o T\u00e9cnica entre a Coordenadoria Estadual de Defesa Civil (CEDEC), da Casa Militar, e o Instituto Geol\u00f3gico, da Secretaria de Estado do Meio Ambiente e se coaduna com as diretrizes no \u201cPrograma Estadual de Preven\u00e7\u00e3o de Desastres Naturais e de Redu\u00e7\u00e3o de Riscos Geol\u00f3gicos\u201d.<\/p>\n<p style=\"text-align: justify\">\n","protected":false},"excerpt":{"rendered":"<p>O relat\u00f3rio executivo do projeto \u201cMapeamento de riscos associados a escorregamentos, inunda\u00e7\u00f5es, eros\u00e3o e solapamento de margens de drenagens do Munic\u00edpio de Campos do Jord\u00e3o\u201d, elaborado pelo Instituto Geol\u00f3gico foi entregue \u00e0 Prefeitura de Campos do Jord\u00e3o, durante as festividades do 140\u00ba anivers\u00e1rio da cidade, em 29\/04\/2014. O trabalho foi desenvolvido entre setembro de 2013 [&hellip;]<\/p>\n","protected":false},"author":26,"featured_media":9132,"comment_status":"closed","ping_status":"open","sticky":false,"template":"","format":"standard","meta":[],"categories":[1850],"tags":[],"_links":{"self":[{"href":"https:\/\/www.infraestruturameioambiente.sp.gov.br\/institutogeologico\/wp-json\/wp\/v2\/posts\/9130"}],"collection":[{"href":"https:\/\/www.infraestruturameioambiente.sp.gov.br\/institutogeologico\/wp-json\/wp\/v2\/posts"}],"about":[{"href":"https:\/\/www.infraestruturameioambiente.sp.gov.br\/institutogeologico\/wp-json\/wp\/v2\/types\/post"}],"author":[{"embeddable":true,"href":"https:\/\/www.infraestruturameioambiente.sp.gov.br\/institutogeologico\/wp-json\/wp\/v2\/users\/26"}],"replies":[{"embeddable":true,"href":"https:\/\/www.infraestruturameioambiente.sp.gov.br\/institutogeologico\/wp-json\/wp\/v2\/comments?post=9130"}],"version-history":[{"count":5,"href":"https:\/\/www.infraestruturameioambiente.sp.gov.br\/institutogeologico\/wp-json\/wp\/v2\/posts\/9130\/revisions"}],"predecessor-version":[{"id":9138,"href":"https:\/\/www.infraestruturameioambiente.sp.gov.br\/institutogeologico\/wp-json\/wp\/v2\/posts\/9130\/revisions\/9138"}],"wp:featuredmedia":[{"embeddable":true,"href":"https:\/\/www.infraestruturameioambiente.sp.gov.br\/institutogeologico\/wp-json\/wp\/v2\/media\/9132"}],"wp:attachment":[{"href":"https:\/\/www.infraestruturameioambiente.sp.gov.br\/institutogeologico\/wp-json\/wp\/v2\/media?parent=9130"}],"wp:term":[{"taxonomy":"category","embeddable":true,"href":"https:\/\/www.infraestruturameioambiente.sp.gov.br\/institutogeologico\/wp-json\/wp\/v2\/categories?post=9130"},{"taxonomy":"post_tag","embeddable":true,"href":"https:\/\/www.infraestruturameioambiente.sp.gov.br\/institutogeologico\/wp-json\/wp\/v2\/tags?post=9130"}],"curies":[{"name":"wp","href":"https:\/\/api.w.org\/{rel}","templated":true}]}}