{"id":9100,"date":"2014-04-10T14:48:14","date_gmt":"2014-04-10T17:48:14","guid":{"rendered":"https:\/\/www.infraestruturameioambiente.sp.gov.br\/institutogeologico\/?p=9100"},"modified":"2014-04-10T14:49:29","modified_gmt":"2014-04-10T17:49:29","slug":"tecnicos-do-instituto-geologico-ministram-palestra-sobre-conceitos-do-novo-codigo-florestal-para-cbrn","status":"publish","type":"post","link":"https:\/\/www.infraestruturameioambiente.sp.gov.br\/institutogeologico\/2014\/04\/tecnicos-do-instituto-geologico-ministram-palestra-sobre-conceitos-do-novo-codigo-florestal-para-cbrn\/","title":{"rendered":"T\u00e9cnicos do Instituto Geol\u00f3gico ministram palestra sobre conceitos do Novo C\u00f3digo Florestal para CBRN"},"content":{"rendered":"<p style=\"text-align: justify\"><a href=\"https:\/\/www.infraestruturameioambiente.sp.gov.br\/wp-content\/uploads\/sites\/233\/2014\/04\/Palestra_Cod-Florestal-CBRN.jpg\"><img decoding=\"async\" loading=\"lazy\" class=\"alignleft size-thumbnail wp-image-9102\" alt=\"Palestra_Cod-Florestal-CBRN\" src=\"https:\/\/www.infraestruturameioambiente.sp.gov.br\/wp-content\/uploads\/sites\/233\/2014\/04\/Palestra_Cod-Florestal-CBRN-150x150.jpg\" width=\"150\" height=\"150\" srcset=\"https:\/\/www.infraestruturameioambiente.sp.gov.br\/institutogeologico\/wp-content\/uploads\/sites\/233\/2014\/04\/Palestra_Cod-Florestal-CBRN-150x150.jpg 150w, https:\/\/www.infraestruturameioambiente.sp.gov.br\/institutogeologico\/wp-content\/uploads\/sites\/233\/2014\/04\/Palestra_Cod-Florestal-CBRN-600x600.jpg 600w\" sizes=\"(max-width: 150px) 100vw, 150px\" \/><\/a>No dia 28 de mar\u00e7o de 2014, os t\u00e9cnicos do Instituto Geol\u00f3gico (IG) Rosangela do Amaral, Virginia Tesone, Viviane Dias Alves Portela, Rog\u00e9rio Rodrigues Ribeiro, H\u00e9lio N\u00f3bile Diniz, Jos\u00e9 Maria Azevedo Sobrinho e Geraldo Oda, ministraram palestra para cerca de 100 t\u00e9cnicos da Coordenadoria de Biodiversidade e Recursos Naturais (CBRN\/SMA), durante a Reuni\u00e3o Anual da CBRN, em S\u00e3o Pedro (SP). Os temas da palestra foram &#8220;Os conceitos do Meio f\u00edsico para interpreta\u00e7\u00e3o do Novo C\u00f3digo Florestal &#8211; Lei n\u00ba 12.651\/2012&#8221; e &#8220;Roteiro para identifica\u00e7\u00e3o e delimita\u00e7\u00e3o de nascentes&#8221;.<\/p>\n<p style=\"text-align: justify\">Em 2013 o IG recebeu uma solicita\u00e7\u00e3o da Coordenadora da CBRN para subsidiar a interpreta\u00e7\u00e3o de conceitos e defini\u00e7\u00e3o de metodologia para aplica\u00e7\u00e3o do Novo C\u00f3digo Florestal. Desde ent\u00e3o o Grupo de Trabalho, que \u00e9 composto por 13 t\u00e9cnicos, vem desenvolvendo os documentos que foram apresentados no evento.<\/p>\n","protected":false},"excerpt":{"rendered":"<p>No dia 28 de mar\u00e7o de 2014, os t\u00e9cnicos do Instituto Geol\u00f3gico (IG) Rosangela do Amaral, Virginia Tesone, Viviane Dias Alves Portela, Rog\u00e9rio Rodrigues Ribeiro, H\u00e9lio N\u00f3bile Diniz, Jos\u00e9 Maria Azevedo Sobrinho e Geraldo Oda, ministraram palestra para cerca de 100 t\u00e9cnicos da Coordenadoria de Biodiversidade e Recursos Naturais (CBRN\/SMA), durante a Reuni\u00e3o Anual da [&hellip;]<\/p>\n","protected":false},"author":25,"featured_media":9105,"comment_status":"closed","ping_status":"open","sticky":false,"template":"","format":"standard","meta":[],"categories":[1850],"tags":[],"_links":{"self":[{"href":"https:\/\/www.infraestruturameioambiente.sp.gov.br\/institutogeologico\/wp-json\/wp\/v2\/posts\/9100"}],"collection":[{"href":"https:\/\/www.infraestruturameioambiente.sp.gov.br\/institutogeologico\/wp-json\/wp\/v2\/posts"}],"about":[{"href":"https:\/\/www.infraestruturameioambiente.sp.gov.br\/institutogeologico\/wp-json\/wp\/v2\/types\/post"}],"author":[{"embeddable":true,"href":"https:\/\/www.infraestruturameioambiente.sp.gov.br\/institutogeologico\/wp-json\/wp\/v2\/users\/25"}],"replies":[{"embeddable":true,"href":"https:\/\/www.infraestruturameioambiente.sp.gov.br\/institutogeologico\/wp-json\/wp\/v2\/comments?post=9100"}],"version-history":[{"count":4,"href":"https:\/\/www.infraestruturameioambiente.sp.gov.br\/institutogeologico\/wp-json\/wp\/v2\/posts\/9100\/revisions"}],"predecessor-version":[{"id":9165,"href":"https:\/\/www.infraestruturameioambiente.sp.gov.br\/institutogeologico\/wp-json\/wp\/v2\/posts\/9100\/revisions\/9165"}],"wp:featuredmedia":[{"embeddable":true,"href":"https:\/\/www.infraestruturameioambiente.sp.gov.br\/institutogeologico\/wp-json\/wp\/v2\/media\/9105"}],"wp:attachment":[{"href":"https:\/\/www.infraestruturameioambiente.sp.gov.br\/institutogeologico\/wp-json\/wp\/v2\/media?parent=9100"}],"wp:term":[{"taxonomy":"category","embeddable":true,"href":"https:\/\/www.infraestruturameioambiente.sp.gov.br\/institutogeologico\/wp-json\/wp\/v2\/categories?post=9100"},{"taxonomy":"post_tag","embeddable":true,"href":"https:\/\/www.infraestruturameioambiente.sp.gov.br\/institutogeologico\/wp-json\/wp\/v2\/tags?post=9100"}],"curies":[{"name":"wp","href":"https:\/\/api.w.org\/{rel}","templated":true}]}}