{"id":9054,"date":"2014-03-28T06:16:53","date_gmt":"2014-03-28T09:16:53","guid":{"rendered":"https:\/\/www.infraestruturameioambiente.sp.gov.br\/institutogeologico\/?p=9054"},"modified":"2014-03-27T16:35:39","modified_gmt":"2014-03-27T19:35:39","slug":"servico-geologico-nacional-articula-atuacao-conjunta-com-orgaos-estaduais-de-geologia-para-gestao-de-risco-e-desastres","status":"publish","type":"post","link":"https:\/\/www.infraestruturameioambiente.sp.gov.br\/institutogeologico\/2014\/03\/servico-geologico-nacional-articula-atuacao-conjunta-com-orgaos-estaduais-de-geologia-para-gestao-de-risco-e-desastres\/","title":{"rendered":"Servi\u00e7o Geol\u00f3gico Nacional articula atua\u00e7\u00e3o conjunta com \u00f3rg\u00e3os estaduais de geologia para gest\u00e3o de risco e desastres"},"content":{"rendered":"<p style=\"text-align: justify\">No dia 11 de fevereiro de 2014 o pesquisador cient\u00edfico Cl\u00e1udio Jos\u00e9 Ferreira participou de uma reuni\u00e3o t\u00e9cnica realizada no Rio de Janeiro pelo Servi\u00e7o Geol\u00f3gico do Brasil &#8211; Companhia de Pesquisas de Recursos Minerais (CPRM). Al\u00e9m do Instituto Geol\u00f3gico (IG) participaram tamb\u00e9m da reuni\u00e3o os representantes do Instituto de Pesquisas Tecnol\u00f3gicas (IPT), do Departamento de Recursos Minerais do Rio de Janeiro (DRM-RJ) e do Servi\u00e7o Geol\u00f3gico do Paran\u00e1 (MINEROPAR).<\/p>\n<p style=\"text-align: justify\">Durante a reuni\u00e3o foram citadas as atua\u00e7\u00f5es das institui\u00e7\u00f5es na \u00e1rea de gest\u00e3o de risco de desastres relacionado a eventos geol\u00f3gicos.\u00a0 No encontro discutiu-se ainda os m\u00e9todos e procedimentos de cada institui\u00e7\u00e3o e os desafios para a padroniza\u00e7\u00e3o de procedimentos comuns entre os \u00f3rg\u00e3os.<\/p>\n<p style=\"text-align: justify\">Nos pr\u00f3ximos dias ser\u00e1 apresentado o Termo de Coopera\u00e7\u00e3o T\u00e9cnica entre as institui\u00e7\u00f5es, que visa a cria\u00e7\u00e3o das bases para a\u00e7\u00e3o conjunta, que passa pela participa\u00e7\u00e3o dos \u00f3rg\u00e3os estaduais e municipais de geologia no esfor\u00e7o para atingir as metas previstas no Plano Nacional de Gest\u00e3o de Riscos e Desastres, al\u00e9m da a\u00e7\u00e3o comum para a regulamenta\u00e7\u00e3o da Lei 12.608\/2014, que definiu a Pol\u00edtica Nacional de Prote\u00e7\u00e3o e Defesa Civil e a compet\u00eancia da Uni\u00e3o, Estados e Munic\u00edpios nesta \u00e1rea.<\/p>\n","protected":false},"excerpt":{"rendered":"<p>No dia 11 de fevereiro de 2014 o pesquisador cient\u00edfico Cl\u00e1udio Jos\u00e9 Ferreira participou de uma reuni\u00e3o t\u00e9cnica realizada no Rio de Janeiro pelo Servi\u00e7o Geol\u00f3gico do Brasil &#8211; Companhia de Pesquisas de Recursos Minerais (CPRM). Al\u00e9m do Instituto Geol\u00f3gico (IG) participaram tamb\u00e9m da reuni\u00e3o os representantes do Instituto de Pesquisas Tecnol\u00f3gicas (IPT), do Departamento [&hellip;]<\/p>\n","protected":false},"author":25,"featured_media":9052,"comment_status":"closed","ping_status":"open","sticky":false,"template":"","format":"standard","meta":[],"categories":[1850],"tags":[],"_links":{"self":[{"href":"https:\/\/www.infraestruturameioambiente.sp.gov.br\/institutogeologico\/wp-json\/wp\/v2\/posts\/9054"}],"collection":[{"href":"https:\/\/www.infraestruturameioambiente.sp.gov.br\/institutogeologico\/wp-json\/wp\/v2\/posts"}],"about":[{"href":"https:\/\/www.infraestruturameioambiente.sp.gov.br\/institutogeologico\/wp-json\/wp\/v2\/types\/post"}],"author":[{"embeddable":true,"href":"https:\/\/www.infraestruturameioambiente.sp.gov.br\/institutogeologico\/wp-json\/wp\/v2\/users\/25"}],"replies":[{"embeddable":true,"href":"https:\/\/www.infraestruturameioambiente.sp.gov.br\/institutogeologico\/wp-json\/wp\/v2\/comments?post=9054"}],"version-history":[{"count":1,"href":"https:\/\/www.infraestruturameioambiente.sp.gov.br\/institutogeologico\/wp-json\/wp\/v2\/posts\/9054\/revisions"}],"predecessor-version":[{"id":9055,"href":"https:\/\/www.infraestruturameioambiente.sp.gov.br\/institutogeologico\/wp-json\/wp\/v2\/posts\/9054\/revisions\/9055"}],"wp:featuredmedia":[{"embeddable":true,"href":"https:\/\/www.infraestruturameioambiente.sp.gov.br\/institutogeologico\/wp-json\/wp\/v2\/media\/9052"}],"wp:attachment":[{"href":"https:\/\/www.infraestruturameioambiente.sp.gov.br\/institutogeologico\/wp-json\/wp\/v2\/media?parent=9054"}],"wp:term":[{"taxonomy":"category","embeddable":true,"href":"https:\/\/www.infraestruturameioambiente.sp.gov.br\/institutogeologico\/wp-json\/wp\/v2\/categories?post=9054"},{"taxonomy":"post_tag","embeddable":true,"href":"https:\/\/www.infraestruturameioambiente.sp.gov.br\/institutogeologico\/wp-json\/wp\/v2\/tags?post=9054"}],"curies":[{"name":"wp","href":"https:\/\/api.w.org\/{rel}","templated":true}]}}