{"id":8913,"date":"2014-01-27T09:32:36","date_gmt":"2014-01-27T11:32:36","guid":{"rendered":"https:\/\/www.infraestruturameioambiente.sp.gov.br\/institutogeologico\/?p=8913"},"modified":"2017-10-31T11:37:03","modified_gmt":"2017-10-31T13:37:03","slug":"tecnicos-do-instituto-geologico-realizaram-atendimento-emergencial-em-itaoca-sp","status":"publish","type":"post","link":"https:\/\/www.infraestruturameioambiente.sp.gov.br\/institutogeologico\/2014\/01\/tecnicos-do-instituto-geologico-realizaram-atendimento-emergencial-em-itaoca-sp\/","title":{"rendered":"T\u00e9cnicos do Instituto Geol\u00f3gico realizaram atendimento emergencial em Ita\u00f3ca (SP)"},"content":{"rendered":"<div class=\"wc-gallery\"><div id='gallery-1' data-gutter-width='5' data-columns='1' class='gallery wc-gallery-captions-onhover gallery-link-file gallery-masonry galleryid-8913 gallery-columns-1 gallery-size-thumbnail wc-gallery-bottomspace-default wc-gallery-clear'><div class='gallery-item gallery-item-position-1 gallery-item-attachment-8919'>\n\t\t\t\t<div class='gallery-icon landscape'>\n\t\t\t\t\t<a href='https:\/\/www.infraestruturameioambiente.sp.gov.br\/institutogeologico\/wp-content\/uploads\/sites\/233\/2014\/01\/Itaoca_IG_033-600x600.jpg' title='Itaoca_IG_033' target='_self'><img width=\"150\" height=\"150\" src=\"https:\/\/www.infraestruturameioambiente.sp.gov.br\/institutogeologico\/wp-content\/uploads\/sites\/233\/2014\/01\/Itaoca_IG_033-150x150.jpg\" class=\"attachment-thumbnail size-thumbnail\" alt=\"\" decoding=\"async\" loading=\"lazy\" srcset=\"https:\/\/www.infraestruturameioambiente.sp.gov.br\/institutogeologico\/wp-content\/uploads\/sites\/233\/2014\/01\/Itaoca_IG_033-150x150.jpg 150w, https:\/\/www.infraestruturameioambiente.sp.gov.br\/institutogeologico\/wp-content\/uploads\/sites\/233\/2014\/01\/Itaoca_IG_033-600x600.jpg 600w\" sizes=\"(max-width: 150px) 100vw, 150px\" \/><\/a>\n\t\t\t\t<\/div><\/div><div class='gallery-item gallery-item-position-2 gallery-item-attachment-8918'>\n\t\t\t\t<div class='gallery-icon landscape'>\n\t\t\t\t\t<a href='https:\/\/www.infraestruturameioambiente.sp.gov.br\/institutogeologico\/wp-content\/uploads\/sites\/233\/2014\/01\/Itaoca_IG_022-600x600.jpg' title='Itaoca_IG_022' target='_self'><img width=\"150\" height=\"150\" src=\"https:\/\/www.infraestruturameioambiente.sp.gov.br\/institutogeologico\/wp-content\/uploads\/sites\/233\/2014\/01\/Itaoca_IG_022-150x150.jpg\" class=\"attachment-thumbnail size-thumbnail\" alt=\"\" decoding=\"async\" loading=\"lazy\" srcset=\"https:\/\/www.infraestruturameioambiente.sp.gov.br\/institutogeologico\/wp-content\/uploads\/sites\/233\/2014\/01\/Itaoca_IG_022-150x150.jpg 150w, https:\/\/www.infraestruturameioambiente.sp.gov.br\/institutogeologico\/wp-content\/uploads\/sites\/233\/2014\/01\/Itaoca_IG_022-600x600.jpg 600w\" sizes=\"(max-width: 150px) 100vw, 150px\" \/><\/a>\n\t\t\t\t<\/div><\/div><div class='gallery-item gallery-item-position-3 gallery-item-attachment-8917'>\n\t\t\t\t<div class='gallery-icon landscape'>\n\t\t\t\t\t<a href='https:\/\/www.infraestruturameioambiente.sp.gov.br\/institutogeologico\/wp-content\/uploads\/sites\/233\/2014\/01\/Itaoca_IG_011-600x600.jpg' title='Itaoca_IG_011' target='_self'><img width=\"150\" height=\"150\" src=\"https:\/\/www.infraestruturameioambiente.sp.gov.br\/institutogeologico\/wp-content\/uploads\/sites\/233\/2014\/01\/Itaoca_IG_011-150x150.jpg\" class=\"attachment-thumbnail size-thumbnail\" alt=\"\" decoding=\"async\" loading=\"lazy\" srcset=\"https:\/\/www.infraestruturameioambiente.sp.gov.br\/institutogeologico\/wp-content\/uploads\/sites\/233\/2014\/01\/Itaoca_IG_011-150x150.jpg 150w, https:\/\/www.infraestruturameioambiente.sp.gov.br\/institutogeologico\/wp-content\/uploads\/sites\/233\/2014\/01\/Itaoca_IG_011-600x600.jpg 600w\" sizes=\"(max-width: 150px) 100vw, 150px\" \/><\/a>\n\t\t\t\t<\/div><\/div><\/div>\n<\/div>\n<p style=\"text-align: justify\">O munic\u00edpio de Itaoca (SP) localizado na regi\u00e3o do Alto do Ribeira do Iguape foi atingido por processo de inunda\u00e7\u00e3o s\u00fabita, devido \u00e0s fortes chuvas excepcionais que ocorreram em \u00e1reas de cabeceira de drenagem.<\/p>\n<p style=\"text-align: justify\">As chuvas tiveram in\u00edcio \u00e0s 19h30 horas do dia 12 de janeiro de 2014, estendendo-se at\u00e9 o amanhecer do dia 13 de janeiro de 2014. Devido \u00e0 aus\u00eancia de dados oficiais, estima-se que o processo foi deflagrado pela ocorr\u00eancia de at\u00e9 150 mm de chuva em um per\u00edodo de 6 horas, o que gerou a eleva\u00e7\u00e3o s\u00fabita (entre 4 a 5 metros) do n\u00edvel do rio Palmital, que atravessa a \u00e1rea urbana. O transbordamento das \u00e1guas resultante deste processo atingiu diversas moradias situadas ao longo das margens direita e esquerda do rio Palmital, bem como uma extensa faixa de moradias situadas ao longo das vias de acesso locais. Tamb\u00e9m foram observadas in\u00fameras cicatrizes de escorregamentos naturais nas encostas pr\u00f3ximas ao vale do rio Palmital. A chuva intensa ocorrida em curto espa\u00e7o de tempo, associada aos escorregamentos que ocorreram nas encostas, gerando grande aporte de materiais, compostos por sedimentos, fragmentos rochosos e seixos de tamanhos variados e de troncos de \u00e1rvores, evidencia a ocorr\u00eancia de um processo de corrida de detritos, com forte potencial de arrasto e destrui\u00e7\u00e3o. O material transportado neste processo gerou assoreamentos e barramentos do fluxo de \u00e1gua ao longo da drenagem e, consequentemente, os transbordamentos que atingiram ao menos 100 moradias na cidade.<\/p>\n<p style=\"text-align: justify\">Segundo informa\u00e7\u00f5es, um total de 19 moradias foram integralmente destru\u00eddas e arrastadas pelas \u00e1guas. O munic\u00edpio decretou estado de calamidade p\u00fablica, sendo registrados, at\u00e9 o final do dia 24\/01, 24 \u00f3bitos e 3 desaparecidos (dados oficiais da Coordenadoria Estadual de Defesa Civil), al\u00e9m de centenas de desalojados e desabrigados.<\/p>\n<p style=\"text-align: justify\">Tamb\u00e9m foram observados danos estruturais em pontes; interrup\u00e7\u00e3o da rede de transmiss\u00e3o de energia el\u00e9trica e telefone, destrui\u00e7\u00e3o da esta\u00e7\u00e3o de tratamento de \u00e1gua da Sabesp, al\u00e9m de espessos dep\u00f3sitos de sedimentos nas frentes e nos quintais das moradias.<\/p>\n<p style=\"text-align: justify\">Foi verificado durante a vistoria que o n\u00edvel d\u00b4\u00e1gua das inunda\u00e7\u00f5es atingiu a altura de 2 a 3 metros nas moradias em alguns setores, constatado pela observa\u00e7\u00e3o das marcas d\u00b4\u00e1gua nas paredes das mesmas. O avan\u00e7o destas \u00e1guas para o interior das moradias gerou, como consequ\u00eancia, a perda generalizada e, muitas vezes total, de bens e m\u00f3veis por parte dos moradores e de estabelecimentos comerciais.<\/p>\n<p style=\"text-align: justify\">Os trabalhos de vistoria consistiram de inspe\u00e7\u00f5es \u00e0s moradias atingidas, procurando identificar as seguintes situa\u00e7\u00f5es: (a) edifica\u00e7\u00f5es cujas condi\u00e7\u00f5es construtivas e estruturais foram completamente comprometidas, impedindo a reocupa\u00e7\u00e3o de forma permanente; (b) edifica\u00e7\u00f5es atingidas parcialmente, cuja reocupa\u00e7\u00e3o pode ser feita oportunamente com restri\u00e7\u00f5es, mediante remo\u00e7\u00e3o de entulho e limpeza, e em alguns casos, demandando an\u00e1lise estrutural detalhada e reparos; (c) ocupa\u00e7\u00e3o imediata sem restri\u00e7\u00f5es, mediante remo\u00e7\u00e3o de entulho e limpeza. Ap\u00f3s as vistorias foram elaborados relat\u00f3rios t\u00e9cnicos e recomenda\u00e7\u00f5es para implanta\u00e7\u00e3o de a\u00e7\u00f5es de curto e m\u00e9dio prazo visando reestabelecer a normalidade, com a devida seguran\u00e7a dos moradores.<\/p>\n<p style=\"text-align: justify\">Durante as vistorias j\u00e1 haviam sido iniciados os trabalhos de limpeza, desobstru\u00e7\u00e3o, recupera\u00e7\u00e3o, reconstru\u00e7\u00e3o e socorro \u00e0s v\u00edtimas deste desastre por parte da prefeitura municipal, com o apoio de diversos \u00f3rg\u00e3os da estrutura administrativa oficial do Estado de S\u00e3o Paulo.<\/p>\n<p style=\"text-align: justify\">Duas equipes do Instituto Geol\u00f3gico se revezaram nos trabalhos no per\u00edodo de 14 a 19 de janeiro: ge\u00f3logo Jair Santoro, ge\u00f3grafa Denise Rossini Penteado, ge\u00f3logo Paulo C\u00e9sar Fernandes da Silva e ge\u00f3grafo Eduardo Schmid Braga. Estiveram acompanhados pelos t\u00e9cnicos de apoio Valentim Otaviano dos Santos Filho e Gilberto Sanchez.<\/p>\n<p style=\"text-align: justify\">O atendimento foi realizado ap\u00f3s acionamento da Defesa Civil Estadual, com a qual o Instituto Geol\u00f3gico tem um Termo de Coopera\u00e7\u00e3o T\u00e9cnica de apoio t\u00e9cnico a planos preventivos de defesa civil.<\/p>\n","protected":false},"excerpt":{"rendered":"<p>O munic\u00edpio de Itaoca (SP) localizado na regi\u00e3o do Alto do Ribeira do Iguape foi atingido por processo de inunda\u00e7\u00e3o s\u00fabita, devido \u00e0s fortes chuvas excepcionais que ocorreram em \u00e1reas de cabeceira de drenagem. As chuvas tiveram in\u00edcio \u00e0s 19h30 horas do dia 12 de janeiro de 2014, estendendo-se at\u00e9 o amanhecer do dia 13 [&hellip;]<\/p>\n","protected":false},"author":25,"featured_media":8921,"comment_status":"closed","ping_status":"open","sticky":false,"template":"","format":"standard","meta":[],"categories":[1850],"tags":[],"_links":{"self":[{"href":"https:\/\/www.infraestruturameioambiente.sp.gov.br\/institutogeologico\/wp-json\/wp\/v2\/posts\/8913"}],"collection":[{"href":"https:\/\/www.infraestruturameioambiente.sp.gov.br\/institutogeologico\/wp-json\/wp\/v2\/posts"}],"about":[{"href":"https:\/\/www.infraestruturameioambiente.sp.gov.br\/institutogeologico\/wp-json\/wp\/v2\/types\/post"}],"author":[{"embeddable":true,"href":"https:\/\/www.infraestruturameioambiente.sp.gov.br\/institutogeologico\/wp-json\/wp\/v2\/users\/25"}],"replies":[{"embeddable":true,"href":"https:\/\/www.infraestruturameioambiente.sp.gov.br\/institutogeologico\/wp-json\/wp\/v2\/comments?post=8913"}],"version-history":[{"count":2,"href":"https:\/\/www.infraestruturameioambiente.sp.gov.br\/institutogeologico\/wp-json\/wp\/v2\/posts\/8913\/revisions"}],"predecessor-version":[{"id":8926,"href":"https:\/\/www.infraestruturameioambiente.sp.gov.br\/institutogeologico\/wp-json\/wp\/v2\/posts\/8913\/revisions\/8926"}],"wp:featuredmedia":[{"embeddable":true,"href":"https:\/\/www.infraestruturameioambiente.sp.gov.br\/institutogeologico\/wp-json\/wp\/v2\/media\/8921"}],"wp:attachment":[{"href":"https:\/\/www.infraestruturameioambiente.sp.gov.br\/institutogeologico\/wp-json\/wp\/v2\/media?parent=8913"}],"wp:term":[{"taxonomy":"category","embeddable":true,"href":"https:\/\/www.infraestruturameioambiente.sp.gov.br\/institutogeologico\/wp-json\/wp\/v2\/categories?post=8913"},{"taxonomy":"post_tag","embeddable":true,"href":"https:\/\/www.infraestruturameioambiente.sp.gov.br\/institutogeologico\/wp-json\/wp\/v2\/tags?post=8913"}],"curies":[{"name":"wp","href":"https:\/\/api.w.org\/{rel}","templated":true}]}}