{"id":8893,"date":"2013-12-13T13:09:35","date_gmt":"2013-12-13T15:09:35","guid":{"rendered":"https:\/\/www.infraestruturameioambiente.sp.gov.br\/institutogeologico\/?p=8893"},"modified":"2013-12-13T13:30:47","modified_gmt":"2013-12-13T15:30:47","slug":"realizado-em-sao-paulo-o-v-seminario-estrategias-para-reducao-de-riscos-e-desastres-a-eventos-geodinamicos-no-estado-de-sao-paulo","status":"publish","type":"post","link":"https:\/\/www.infraestruturameioambiente.sp.gov.br\/institutogeologico\/2013\/12\/realizado-em-sao-paulo-o-v-seminario-estrategias-para-reducao-de-riscos-e-desastres-a-eventos-geodinamicos-no-estado-de-sao-paulo\/","title":{"rendered":"Realizado em S\u00e3o Paulo o V Semin\u00e1rio \u201cEstrat\u00e9gias para Redu\u00e7\u00e3o de Riscos e Desastres a Eventos Geodin\u00e2micos no Estado de S\u00e3o Paulo\u201d"},"content":{"rendered":"<div class=\"wc-gallery\"><div id='gallery-1' data-gutter-width='5' data-columns='1' class='gallery wc-gallery-captions-onhover gallery-link-file gallery-masonry galleryid-8893 gallery-columns-1 gallery-size-thumbnail wc-gallery-bottomspace-default wc-gallery-clear'><div class='gallery-item gallery-item-position-1 gallery-item-attachment-8896'>\n\t\t\t\t<div class='gallery-icon landscape'>\n\t\t\t\t\t<a href='https:\/\/www.infraestruturameioambiente.sp.gov.br\/institutogeologico\/wp-content\/uploads\/sites\/233\/2013\/12\/V-Semin\u00e1rio-Risco-Assinatura-600x600.jpg' title='V Semin\u00e1rio Risco Assinatura' target='_self'><img width=\"150\" height=\"150\" src=\"https:\/\/www.infraestruturameioambiente.sp.gov.br\/institutogeologico\/wp-content\/uploads\/sites\/233\/2013\/12\/V-Semin\u00e1rio-Risco-Assinatura-150x150.jpg\" class=\"attachment-thumbnail size-thumbnail\" alt=\"\" decoding=\"async\" loading=\"lazy\" srcset=\"https:\/\/www.infraestruturameioambiente.sp.gov.br\/institutogeologico\/wp-content\/uploads\/sites\/233\/2013\/12\/V-Semin\u00e1rio-Risco-Assinatura-150x150.jpg 150w, https:\/\/www.infraestruturameioambiente.sp.gov.br\/institutogeologico\/wp-content\/uploads\/sites\/233\/2013\/12\/V-Semin\u00e1rio-Risco-Assinatura-600x600.jpg 600w\" sizes=\"(max-width: 150px) 100vw, 150px\" \/><\/a>\n\t\t\t\t<\/div><\/div><div class='gallery-item gallery-item-position-2 gallery-item-attachment-8895'>\n\t\t\t\t<div class='gallery-icon landscape'>\n\t\t\t\t\t<a href='https:\/\/www.infraestruturameioambiente.sp.gov.br\/institutogeologico\/wp-content\/uploads\/sites\/233\/2013\/12\/V-Semin\u00e1rio-Risco-Cartilha-600x600.jpg' title='V Semin\u00e1rio Risco Cartilha' target='_self'><img width=\"150\" height=\"150\" src=\"https:\/\/www.infraestruturameioambiente.sp.gov.br\/institutogeologico\/wp-content\/uploads\/sites\/233\/2013\/12\/V-Semin\u00e1rio-Risco-Cartilha-150x150.jpg\" class=\"attachment-thumbnail size-thumbnail\" alt=\"\" decoding=\"async\" loading=\"lazy\" srcset=\"https:\/\/www.infraestruturameioambiente.sp.gov.br\/institutogeologico\/wp-content\/uploads\/sites\/233\/2013\/12\/V-Semin\u00e1rio-Risco-Cartilha-150x150.jpg 150w, https:\/\/www.infraestruturameioambiente.sp.gov.br\/institutogeologico\/wp-content\/uploads\/sites\/233\/2013\/12\/V-Semin\u00e1rio-Risco-Cartilha-600x600.jpg 600w\" sizes=\"(max-width: 150px) 100vw, 150px\" \/><\/a>\n\t\t\t\t<\/div><\/div><\/div>\n<\/div>\n<p style=\"text-align: justify\">A Secretaria do Meio Ambiente, por meio do Instituto Geol\u00f3gico (IG) e a Casa Militar, por meio da Coordenadoria Estadual de Defesa Civil (CEDEC) realizaram nos dias 10 e 11 de dezembro de 2013 o V Semin\u00e1rio \u201cEstrat\u00e9gias para Redu\u00e7\u00e3o de Riscos e Desastres a Eventos Geodin\u00e2micos no Estado de S\u00e3o Paulo\u201d.<\/p>\n<p style=\"text-align: justify\">No dia 10 de dezembro de 2013 participaram da cerim\u00f4nia de abertura Ricardo Vedovello, diretor geral do Instituto Geol\u00f3gico (IG), major PM Walter Nyakas Junior, diretor do departamento de Defesa Civil Estadual, Marco Vitor Fabro Dias, diretor t\u00e9cnico da Minerais do Paran\u00e1 S\/A (Mineropar), Flavio Erthal, diretor presidente do Departamento de Recursos Minerais (DRM) do Estado do Rio de Janeiro e Frederico Ferreira Pedroso, especialista em gest\u00e3o de risco de desastre do Banco Mundial. No primeiro dia de evento foram discutidos temas relacionados ao papel da geologia na gest\u00e3o de risco e desastres e suas rela\u00e7\u00f5es com a defesa civil. Al\u00e9m disso foram apresentados formas de monitoramento e an\u00e1lise de eventos naturais e tecnol\u00f3gicos.<\/p>\n<p style=\"text-align: justify\">No dia 11 de dezembro de 2013 estiveram presentes o Deputado Bruno Covas, secret\u00e1rio de Estado do Meio Ambiente e o Cel. PM Marco Aur\u00e9lio Alves Pinto, secret\u00e1rio chefe da Casa Militar e coordenador estadual de Defesa Civil. Na oportunidade os secret\u00e1rios do Meio Ambiente e a Casa Militar assinaram o termo de coopera\u00e7\u00e3o para apoio t\u00e9cnico relativo a situa\u00e7\u00f5es de risco geol\u00f3gico-geot\u00e9cnico e avalia\u00e7\u00e3o de risco. Na ocasi\u00e3o foi lan\u00e7ada a publica\u00e7\u00e3o: Cole\u00e7\u00e3o Geonatural n. 02 \u201cVoc\u00ea Sabe o que \u00e9 Rel\u00e2mpago?\u201d pelo pesquisador do IG Gustavo Armani. As apresenta\u00e7\u00f5es abordaram a atual situa\u00e7\u00e3o dos indicadores de desastres no Estado de S\u00e3o Paulo, onde foram exibidos os tipos de bancos de dados existentes e as poss\u00edveis interliga\u00e7\u00f5es entre os mesmos e a quest\u00e3o da presen\u00e7a de biog\u00e1s em sedimentos da plan\u00edcie do rio Tiete.<\/p>\n","protected":false},"excerpt":{"rendered":"<p>A Secretaria do Meio Ambiente, por meio do Instituto Geol\u00f3gico (IG) e a Casa Militar, por meio da Coordenadoria Estadual de Defesa Civil (CEDEC) realizaram nos dias 10 e 11 de dezembro de 2013 o V Semin\u00e1rio \u201cEstrat\u00e9gias para Redu\u00e7\u00e3o de Riscos e Desastres a Eventos Geodin\u00e2micos no Estado de S\u00e3o Paulo\u201d. No dia 10 [&hellip;]<\/p>\n","protected":false},"author":25,"featured_media":8894,"comment_status":"closed","ping_status":"open","sticky":false,"template":"","format":"standard","meta":[],"categories":[1850],"tags":[],"_links":{"self":[{"href":"https:\/\/www.infraestruturameioambiente.sp.gov.br\/institutogeologico\/wp-json\/wp\/v2\/posts\/8893"}],"collection":[{"href":"https:\/\/www.infraestruturameioambiente.sp.gov.br\/institutogeologico\/wp-json\/wp\/v2\/posts"}],"about":[{"href":"https:\/\/www.infraestruturameioambiente.sp.gov.br\/institutogeologico\/wp-json\/wp\/v2\/types\/post"}],"author":[{"embeddable":true,"href":"https:\/\/www.infraestruturameioambiente.sp.gov.br\/institutogeologico\/wp-json\/wp\/v2\/users\/25"}],"replies":[{"embeddable":true,"href":"https:\/\/www.infraestruturameioambiente.sp.gov.br\/institutogeologico\/wp-json\/wp\/v2\/comments?post=8893"}],"version-history":[{"count":3,"href":"https:\/\/www.infraestruturameioambiente.sp.gov.br\/institutogeologico\/wp-json\/wp\/v2\/posts\/8893\/revisions"}],"predecessor-version":[{"id":8899,"href":"https:\/\/www.infraestruturameioambiente.sp.gov.br\/institutogeologico\/wp-json\/wp\/v2\/posts\/8893\/revisions\/8899"}],"wp:featuredmedia":[{"embeddable":true,"href":"https:\/\/www.infraestruturameioambiente.sp.gov.br\/institutogeologico\/wp-json\/wp\/v2\/media\/8894"}],"wp:attachment":[{"href":"https:\/\/www.infraestruturameioambiente.sp.gov.br\/institutogeologico\/wp-json\/wp\/v2\/media?parent=8893"}],"wp:term":[{"taxonomy":"category","embeddable":true,"href":"https:\/\/www.infraestruturameioambiente.sp.gov.br\/institutogeologico\/wp-json\/wp\/v2\/categories?post=8893"},{"taxonomy":"post_tag","embeddable":true,"href":"https:\/\/www.infraestruturameioambiente.sp.gov.br\/institutogeologico\/wp-json\/wp\/v2\/tags?post=8893"}],"curies":[{"name":"wp","href":"https:\/\/api.w.org\/{rel}","templated":true}]}}