{"id":8870,"date":"2013-11-29T07:00:07","date_gmt":"2013-11-29T09:00:07","guid":{"rendered":"https:\/\/www.infraestruturameioambiente.sp.gov.br\/institutogeologico\/?p=8870"},"modified":"2014-01-28T10:16:42","modified_gmt":"2014-01-28T12:16:42","slug":"inscricoes-abertas-para-o-v-seminario-estrategias-para-reducao-riscos-e-desastres-a-eventos-geodinamicos-no-estado-de-sao-paulo","status":"publish","type":"post","link":"https:\/\/www.infraestruturameioambiente.sp.gov.br\/institutogeologico\/2013\/11\/inscricoes-abertas-para-o-v-seminario-estrategias-para-reducao-riscos-e-desastres-a-eventos-geodinamicos-no-estado-de-sao-paulo\/","title":{"rendered":"Realizado o V Semin\u00e1rio Estrat\u00e9gias para Redu\u00e7\u00e3o Riscos e Desastres a Eventos Geodin\u00e2micos no Estado de S\u00e3o Paulo"},"content":{"rendered":"<p dir=\"ltr\" style=\"text-align: justify\"><span style=\"font-family: verdana, sans-serif\">O Instituto Geol\u00f3gico organiza em conjunto com a Coordenadoria Estadual de Defesa Civil e \u00a0com o apoio do Banco Mundial, o V Semin\u00e1rio Estrat\u00e9gias para Redu\u00e7\u00e3o Riscos e Desastres a Eventos Geodin\u00e2micos no Estado de S\u00e3o Paulo, para comemorar 127 anos de sua atua\u00e7\u00e3o geol\u00f3gica no Estado de S\u00e3o Paulo, 38 anos de exist\u00eancia e 25 anos de atua\u00e7\u00e3o sistem\u00e1tica na \u00e1rea de desastres naturais, iniciada com o plano de preven\u00e7\u00e3o para escorregamentos nas encostas da Serra do Mar em 1988.<\/span><\/p>\n<p dir=\"ltr\" style=\"text-align: justify\"><span style=\"font-family: verdana, sans-serif\">O V Semin\u00e1rio Estrat\u00e9gias para Redu\u00e7\u00e3o Riscos e Desastres a Eventos Geodin\u00e2micos no Estado de S\u00e3o Paulo abordar\u00e1 a import\u00e2ncia das pol\u00edticas de integra\u00e7\u00e3o e articula\u00e7\u00e3o institucional, experi\u00eancias nacionais e internacionais na an\u00e1lise de risco a eventos geodin\u00e2micos, instrumentos t\u00e9cnicos e pol\u00edticos da gest\u00e3o de risco, situa\u00e7\u00e3o de indicadores de desastres no Estado de S\u00e3o Paulo e a rela\u00e7\u00e3o entre desastres de origem tecnol\u00f3gica e eventos geodin\u00e2micos. Apesar do Brasil se situar em regi\u00e3o geologicamente est\u00e1vel, o aumento do n\u00famero de eventos relacionados a escorregamentos, eros\u00f5es e chuvas, e a ocupa\u00e7\u00e3o territorial de \u00e1reas inst\u00e1veis, exigem que se discutam as causas e estrat\u00e9gias para a redu\u00e7\u00e3o dos desastres naturais, desenvolvendo conhecimentos cient\u00edficos e ferramentas tecnol\u00f3gicas com essa finalidade.<\/span><\/p>\n<p dir=\"ltr\" style=\"text-align: justify\"><span style=\"font-family: verdana, sans-serif\">Durante o evento ser\u00e1 assinado o Termo de Coopera\u00e7\u00e3o entre a Secretaria do Meio Ambiente, por meio do Instituto Geol\u00f3gico e a Casa Militar, por meio da Coordenadoria Estadual de Defesa Civil, para apoio t\u00e9cnico, assessoria e atendimento emergencial relativo a avalia\u00e7\u00e3o de riscos geol\u00f3gico-geot\u00e9cnicos. \u00a0Tamb\u00e9m haver\u00e1 o lan\u00e7amento da publica\u00e7\u00e3o Cole\u00e7\u00e3o Geonatural n. 02 \u201cVoc\u00ea sabe o que \u00e9 rel\u00e2mpago?\u201d.<\/span><\/p>\n<p dir=\"ltr\" style=\"text-align: justify\"><span style=\"font-family: verdana, sans-serif\">O Semin\u00e1rio Estrat\u00e9gias para Redu\u00e7\u00e3o Riscos e Desastres a Eventos Geodin\u00e2micos no Estado de S\u00e3o Paulo, realizado anualmente \u00e9 um evento aberto \u00e0 toda comunidade, em especial a servidores p\u00fablicos municipais e estaduais da \u00e1rea de gest\u00e3o de risco e desastres, comunidade acad\u00eamica e ativistas do tema.<\/span><\/p>\n<p dir=\"ltr\" style=\"text-align: justify\"><a href=\"https:\/\/www.infraestruturameioambiente.sp.gov.br\/institutogeologico\/noticias\/realizado-em-sao-paulo-o-v-seminario-estrategias-para-reducao-de-riscos-e-desastres-a-eventos-geodinamicos-no-estado-de-sao-paulo\/\">VEJA COMO FOI O EVENTO AQUI<\/a><\/p>\n","protected":false},"excerpt":{"rendered":"<p>O Instituto Geol\u00f3gico organiza em conjunto com a Coordenadoria Estadual de Defesa Civil e \u00a0com o apoio do Banco Mundial, o V Semin\u00e1rio Estrat\u00e9gias para Redu\u00e7\u00e3o Riscos e Desastres a Eventos Geodin\u00e2micos no Estado de S\u00e3o Paulo, para comemorar 127 anos de sua atua\u00e7\u00e3o geol\u00f3gica no Estado de S\u00e3o Paulo, 38 anos de exist\u00eancia e [&hellip;]<\/p>\n","protected":false},"author":25,"featured_media":8871,"comment_status":"closed","ping_status":"open","sticky":false,"template":"","format":"standard","meta":[],"categories":[1850],"tags":[],"_links":{"self":[{"href":"https:\/\/www.infraestruturameioambiente.sp.gov.br\/institutogeologico\/wp-json\/wp\/v2\/posts\/8870"}],"collection":[{"href":"https:\/\/www.infraestruturameioambiente.sp.gov.br\/institutogeologico\/wp-json\/wp\/v2\/posts"}],"about":[{"href":"https:\/\/www.infraestruturameioambiente.sp.gov.br\/institutogeologico\/wp-json\/wp\/v2\/types\/post"}],"author":[{"embeddable":true,"href":"https:\/\/www.infraestruturameioambiente.sp.gov.br\/institutogeologico\/wp-json\/wp\/v2\/users\/25"}],"replies":[{"embeddable":true,"href":"https:\/\/www.infraestruturameioambiente.sp.gov.br\/institutogeologico\/wp-json\/wp\/v2\/comments?post=8870"}],"version-history":[{"count":5,"href":"https:\/\/www.infraestruturameioambiente.sp.gov.br\/institutogeologico\/wp-json\/wp\/v2\/posts\/8870\/revisions"}],"predecessor-version":[{"id":8928,"href":"https:\/\/www.infraestruturameioambiente.sp.gov.br\/institutogeologico\/wp-json\/wp\/v2\/posts\/8870\/revisions\/8928"}],"wp:featuredmedia":[{"embeddable":true,"href":"https:\/\/www.infraestruturameioambiente.sp.gov.br\/institutogeologico\/wp-json\/wp\/v2\/media\/8871"}],"wp:attachment":[{"href":"https:\/\/www.infraestruturameioambiente.sp.gov.br\/institutogeologico\/wp-json\/wp\/v2\/media?parent=8870"}],"wp:term":[{"taxonomy":"category","embeddable":true,"href":"https:\/\/www.infraestruturameioambiente.sp.gov.br\/institutogeologico\/wp-json\/wp\/v2\/categories?post=8870"},{"taxonomy":"post_tag","embeddable":true,"href":"https:\/\/www.infraestruturameioambiente.sp.gov.br\/institutogeologico\/wp-json\/wp\/v2\/tags?post=8870"}],"curies":[{"name":"wp","href":"https:\/\/api.w.org\/{rel}","templated":true}]}}