{"id":8845,"date":"2013-11-12T13:19:01","date_gmt":"2013-11-12T15:19:01","guid":{"rendered":"https:\/\/www.infraestruturameioambiente.sp.gov.br\/institutogeologico\/?p=8845"},"modified":"2013-11-12T13:19:58","modified_gmt":"2013-11-12T15:19:58","slug":"pesquisador-do-instituto-geologico-realiza-palestra-em-portugal","status":"publish","type":"post","link":"https:\/\/www.infraestruturameioambiente.sp.gov.br\/institutogeologico\/2013\/11\/pesquisador-do-instituto-geologico-realiza-palestra-em-portugal\/","title":{"rendered":"Pesquisador do Instituto Geol\u00f3gico realiza palestra em Portugal"},"content":{"rendered":"<div class=\"wc-gallery\"><div id='gallery-1' data-gutter-width='5' data-columns='1' class='gallery wc-gallery-captions-onhover gallery-link-file gallery-masonry galleryid-8845 gallery-columns-1 gallery-size-thumbnail wc-gallery-bottomspace-default wc-gallery-clear'><div class='gallery-item gallery-item-position-1 gallery-item-attachment-8848'>\n\t\t\t\t<div class='gallery-icon landscape'>\n\t\t\t\t\t<a href='https:\/\/www.infraestruturameioambiente.sp.gov.br\/institutogeologico\/wp-content\/uploads\/sites\/233\/2013\/11\/Palestra_Portugal01-600x602.jpg' title='Palestra_Portugal01' target='_self'><img width=\"150\" height=\"150\" src=\"https:\/\/www.infraestruturameioambiente.sp.gov.br\/institutogeologico\/wp-content\/uploads\/sites\/233\/2013\/11\/Palestra_Portugal01-150x150.jpg\" class=\"attachment-thumbnail size-thumbnail\" alt=\"\" decoding=\"async\" loading=\"lazy\" srcset=\"https:\/\/www.infraestruturameioambiente.sp.gov.br\/institutogeologico\/wp-content\/uploads\/sites\/233\/2013\/11\/Palestra_Portugal01-150x150.jpg 150w, https:\/\/www.infraestruturameioambiente.sp.gov.br\/institutogeologico\/wp-content\/uploads\/sites\/233\/2013\/11\/Palestra_Portugal01-600x602.jpg 600w\" sizes=\"(max-width: 150px) 100vw, 150px\" \/><\/a>\n\t\t\t\t<\/div><\/div><div class='gallery-item gallery-item-position-2 gallery-item-attachment-8849'>\n\t\t\t\t<div class='gallery-icon landscape'>\n\t\t\t\t\t<a href='https:\/\/www.infraestruturameioambiente.sp.gov.br\/institutogeologico\/wp-content\/uploads\/sites\/233\/2013\/11\/Palestra_Portugal02-600x694.jpg' title='Palestra_Portugal02' target='_self'><img width=\"150\" height=\"150\" src=\"https:\/\/www.infraestruturameioambiente.sp.gov.br\/institutogeologico\/wp-content\/uploads\/sites\/233\/2013\/11\/Palestra_Portugal02-150x150.jpg\" class=\"attachment-thumbnail size-thumbnail\" alt=\"\" decoding=\"async\" loading=\"lazy\" \/><\/a>\n\t\t\t\t<\/div><\/div><div class='gallery-item gallery-item-position-3 gallery-item-attachment-8847'>\n\t\t\t\t<div class='gallery-icon landscape'>\n\t\t\t\t\t<a href='https:\/\/www.infraestruturameioambiente.sp.gov.br\/institutogeologico\/wp-content\/uploads\/sites\/233\/2013\/11\/Palestra_Portugal03-600x651.jpg' title='Palestra_Portugal03' target='_self'><img width=\"150\" height=\"150\" src=\"https:\/\/www.infraestruturameioambiente.sp.gov.br\/institutogeologico\/wp-content\/uploads\/sites\/233\/2013\/11\/Palestra_Portugal03-150x150.jpg\" class=\"attachment-thumbnail size-thumbnail\" alt=\"\" decoding=\"async\" loading=\"lazy\" \/><\/a>\n\t\t\t\t<\/div><\/div><\/div>\n<\/div>\n<p style=\"text-align: justify\">O pesquisador do Instituto Geol\u00f3gico (IG) Rodolfo Moreda Mendes, Diretor T\u00e9cnico de Servi\u00e7o do Laborat\u00f3rio de An\u00e1lises Geol\u00f3gicas, ministrou a palestra intitulada \u201cMonitoramento de vari\u00e1veis clim\u00e1ticas e geot\u00e9cnicas para implanta\u00e7\u00e3o de Sistemas de Alerta para escorregamentos no Estado de S\u00e3o Paulo\u201d, no Departamento de Engenharia Civil da Faculdade de Engenharia do Porto no dia 23 de outubro de 2013.<\/p>\n<p style=\"text-align: justify\">Durante a apresenta\u00e7\u00e3o o pesquisador explicou que as vari\u00e1veis clim\u00e1ticas e geot\u00e9cnicas est\u00e3o sendo monitoradas simultaneamente e em tempo real por meio da instala\u00e7\u00e3o de sensores de precipita\u00e7\u00e3o (chuva), teor de umidade e suc\u00e7\u00e3o do solo em tr\u00eas campos experimentais situados nos munic\u00edpios de Campos do Jord\u00e3o, S\u00e3o Jos\u00e9 dos Campos e Ubatuba. Al\u00e9m disso, demostrou que est\u00e1 estudando a influ\u00eancia dos fatores antr\u00f3picos nos escorregamentos induzidos em \u00e1reas urbanas a partir de an\u00e1lises de estabilidade de taludes que contemplem simula\u00e7\u00f5es com diferentes cen\u00e1rios observados em \u00e1reas de risco j\u00e1 mapeadas nos munic\u00edpios onde est\u00e3o implantados os campos experimentais. Por fim concluiu que os resultados do trabalho de pesquisa poder\u00e3o fornecer subs\u00eddios para o aperfei\u00e7oamento dos par\u00e2metros t\u00e9cnicos atualmente utilizados nos Planos Preventivos de Defesa Civil (PPDC), no Estado de S\u00e3o Paulo, a partir da ado\u00e7\u00e3o de n\u00edveis cr\u00edticos de alerta estabelecidos tanto por meio do monitoramento simult\u00e2neo de vari\u00e1veis do meio f\u00edsico natural quanto pela considera\u00e7\u00e3o de fatores antr\u00f3picos indutores de escorregamentos.<\/p>\n<p style=\"text-align: justify\">A viagem de um m\u00eas at\u00e9 Portugal, foi para a realiza\u00e7\u00e3o do est\u00e1gio de p\u00f3s-doutoramento do pesquisador no Laborat\u00f3rio de Geotecnia (LabGeo) do Departamento de Engenharia Civil da Faculdade de Engenharia do Porto, no \u00e2mbito do Projeto FAPESP (Processo n\u00ba 2011\/22577-2) que est\u00e1 sendo desenvolvido no IG\/SMA em parceria com outras Institui\u00e7\u00f5es de Pesquisa e Ensino.<\/p>\n","protected":false},"excerpt":{"rendered":"<p>O pesquisador do Instituto Geol\u00f3gico (IG) Rodolfo Moreda Mendes, Diretor T\u00e9cnico de Servi\u00e7o do Laborat\u00f3rio de An\u00e1lises Geol\u00f3gicas, ministrou a palestra intitulada \u201cMonitoramento de vari\u00e1veis clim\u00e1ticas e geot\u00e9cnicas para implanta\u00e7\u00e3o de Sistemas de Alerta para escorregamentos no Estado de S\u00e3o Paulo\u201d, no Departamento de Engenharia Civil da Faculdade de Engenharia do Porto no dia 23 [&hellip;]<\/p>\n","protected":false},"author":25,"featured_media":8846,"comment_status":"closed","ping_status":"open","sticky":false,"template":"","format":"standard","meta":[],"categories":[1850],"tags":[],"_links":{"self":[{"href":"https:\/\/www.infraestruturameioambiente.sp.gov.br\/institutogeologico\/wp-json\/wp\/v2\/posts\/8845"}],"collection":[{"href":"https:\/\/www.infraestruturameioambiente.sp.gov.br\/institutogeologico\/wp-json\/wp\/v2\/posts"}],"about":[{"href":"https:\/\/www.infraestruturameioambiente.sp.gov.br\/institutogeologico\/wp-json\/wp\/v2\/types\/post"}],"author":[{"embeddable":true,"href":"https:\/\/www.infraestruturameioambiente.sp.gov.br\/institutogeologico\/wp-json\/wp\/v2\/users\/25"}],"replies":[{"embeddable":true,"href":"https:\/\/www.infraestruturameioambiente.sp.gov.br\/institutogeologico\/wp-json\/wp\/v2\/comments?post=8845"}],"version-history":[{"count":2,"href":"https:\/\/www.infraestruturameioambiente.sp.gov.br\/institutogeologico\/wp-json\/wp\/v2\/posts\/8845\/revisions"}],"predecessor-version":[{"id":8851,"href":"https:\/\/www.infraestruturameioambiente.sp.gov.br\/institutogeologico\/wp-json\/wp\/v2\/posts\/8845\/revisions\/8851"}],"wp:featuredmedia":[{"embeddable":true,"href":"https:\/\/www.infraestruturameioambiente.sp.gov.br\/institutogeologico\/wp-json\/wp\/v2\/media\/8846"}],"wp:attachment":[{"href":"https:\/\/www.infraestruturameioambiente.sp.gov.br\/institutogeologico\/wp-json\/wp\/v2\/media?parent=8845"}],"wp:term":[{"taxonomy":"category","embeddable":true,"href":"https:\/\/www.infraestruturameioambiente.sp.gov.br\/institutogeologico\/wp-json\/wp\/v2\/categories?post=8845"},{"taxonomy":"post_tag","embeddable":true,"href":"https:\/\/www.infraestruturameioambiente.sp.gov.br\/institutogeologico\/wp-json\/wp\/v2\/tags?post=8845"}],"curies":[{"name":"wp","href":"https:\/\/api.w.org\/{rel}","templated":true}]}}