{"id":8836,"date":"2013-10-14T15:34:03","date_gmt":"2013-10-14T18:34:03","guid":{"rendered":"https:\/\/www.infraestruturameioambiente.sp.gov.br\/institutogeologico\/?p=8836"},"modified":"2013-11-12T13:22:25","modified_gmt":"2013-11-12T15:22:25","slug":"pesquisadora-do-instituto-geologico-participou-do-seminario-construindo-cidade-resilientes","status":"publish","type":"post","link":"https:\/\/www.infraestruturameioambiente.sp.gov.br\/institutogeologico\/2013\/10\/pesquisadora-do-instituto-geologico-participou-do-seminario-construindo-cidade-resilientes\/","title":{"rendered":"Pesquisadora do Instituto Geol\u00f3gico participou do Semin\u00e1rio Construindo Cidade Resilientes"},"content":{"rendered":"<p style=\"text-align: justify\"><a href=\"https:\/\/www.infraestruturameioambiente.sp.gov.br\/wp-content\/uploads\/sites\/233\/2013\/11\/Cidade_Resilientes.jpg\"><img decoding=\"async\" loading=\"lazy\" class=\"alignleft size-thumbnail wp-image-8837\" alt=\"Cidade_Resilientes\" src=\"https:\/\/www.infraestruturameioambiente.sp.gov.br\/wp-content\/uploads\/sites\/233\/2013\/11\/Cidade_Resilientes-150x150.jpg\" width=\"150\" height=\"150\" \/><\/a>A pesquisadora L\u00eddia Keiko Tominaga do Instituto Geol\u00f3gico proferiu palestra no semin\u00e1rio Construindo Cidades Resilientes que aconteceu no dia 10\/10\/2013, no Centro de Estudos e Pesquisas de Administra\u00e7\u00e3o Municipal &#8211; CEPAM na cidade universit\u00e1ria. O tema abordado pela pesquisadora foi \u201cReconhecendo o Risco\u201d levantando a import\u00e2ncia para os agentes da defesa civil de cada munic\u00edpio a necessidade do conhecimento do risco da regi\u00e3o em que atuam e assim estarem preparados para os eventos que podem ocorrer em seu munic\u00edpio.<\/p>\n<p style=\"text-align: justify\">A abertura do semin\u00e1rio foi feita pelo presidente do Cepam, Lobbe Neto; o diretor acad\u00eamico da Universidade Virtual do Estado de S\u00e3o Paulo (Univesp), Waldomiro Loyola; a coordenadora de planejamento ambiental, Zuleica Perez, que representou o secret\u00e1rio estadual de Meio Ambiente, Brunos Covas; a deputada estadual, C\u00e9lia Le\u00e3o; e o secret\u00e1rio-chefe da Casa Militar, coronel PM Marco Aur\u00e9lio Alves Pinto.<\/p>\n<p style=\"text-align: justify\">O semin\u00e1rio \u00e9 uma das atividades do estado de S\u00e3o Paulo, da Defesa Civil Estadual (CEDEC-SP) de planejamento para a redu\u00e7\u00e3o de riscos e eventos relacionados aos desastres naturais, contou com a presen\u00e7a de 600 participantes entre defesas civis das diversas prefeituras no estado de S\u00e3o Paulo e entidades ligadas ao CEDEC como o IPT, DAEE e o Instituto Geol\u00f3gico.<\/p>\n<p style=\"text-align: justify\">O coronel PM Marco Aur\u00e9lio apresentou a preocupa\u00e7\u00e3o da Defesa Civil que deve ter o compromisso de prevenir as situa\u00e7\u00f5es de risco n\u00e3o apenas recuperar o evento acontecido. Para isto destaca o curso de educa\u00e7\u00e3o \u00e0 dist\u00e2ncia em parceria com a Univesp\/USP e um curso em forma de \u201cgame\u201d para os alunos do ensino fundamental e m\u00e9dio do estado em parceria com diversos \u00f3rg\u00e3os entre ele o Instituto Geol\u00f3gico.<\/p>\n<p style=\"text-align: justify\">As apresenta\u00e7\u00f5es est\u00e3o dispon\u00edveis no site do evento no seguinte\u00a0<a href=\"http:\/\/www.cepam.org\/cursos-e-eventos\/material-de-apoio\/semin%C3%A1rio-construindo-cidades-resilientes.aspx\">LINK<\/a><\/p>\n","protected":false},"excerpt":{"rendered":"<p>A pesquisadora L\u00eddia Keiko Tominaga do Instituto Geol\u00f3gico proferiu palestra no semin\u00e1rio Construindo Cidades Resilientes que aconteceu no dia 10\/10\/2013, no Centro de Estudos e Pesquisas de Administra\u00e7\u00e3o Municipal &#8211; CEPAM na cidade universit\u00e1ria. O tema abordado pela pesquisadora foi \u201cReconhecendo o Risco\u201d levantando a import\u00e2ncia para os agentes da defesa civil de cada munic\u00edpio [&hellip;]<\/p>\n","protected":false},"author":25,"featured_media":8837,"comment_status":"closed","ping_status":"open","sticky":false,"template":"","format":"standard","meta":[],"categories":[1850],"tags":[],"_links":{"self":[{"href":"https:\/\/www.infraestruturameioambiente.sp.gov.br\/institutogeologico\/wp-json\/wp\/v2\/posts\/8836"}],"collection":[{"href":"https:\/\/www.infraestruturameioambiente.sp.gov.br\/institutogeologico\/wp-json\/wp\/v2\/posts"}],"about":[{"href":"https:\/\/www.infraestruturameioambiente.sp.gov.br\/institutogeologico\/wp-json\/wp\/v2\/types\/post"}],"author":[{"embeddable":true,"href":"https:\/\/www.infraestruturameioambiente.sp.gov.br\/institutogeologico\/wp-json\/wp\/v2\/users\/25"}],"replies":[{"embeddable":true,"href":"https:\/\/www.infraestruturameioambiente.sp.gov.br\/institutogeologico\/wp-json\/wp\/v2\/comments?post=8836"}],"version-history":[{"count":1,"href":"https:\/\/www.infraestruturameioambiente.sp.gov.br\/institutogeologico\/wp-json\/wp\/v2\/posts\/8836\/revisions"}],"predecessor-version":[{"id":8838,"href":"https:\/\/www.infraestruturameioambiente.sp.gov.br\/institutogeologico\/wp-json\/wp\/v2\/posts\/8836\/revisions\/8838"}],"wp:featuredmedia":[{"embeddable":true,"href":"https:\/\/www.infraestruturameioambiente.sp.gov.br\/institutogeologico\/wp-json\/wp\/v2\/media\/8837"}],"wp:attachment":[{"href":"https:\/\/www.infraestruturameioambiente.sp.gov.br\/institutogeologico\/wp-json\/wp\/v2\/media?parent=8836"}],"wp:term":[{"taxonomy":"category","embeddable":true,"href":"https:\/\/www.infraestruturameioambiente.sp.gov.br\/institutogeologico\/wp-json\/wp\/v2\/categories?post=8836"},{"taxonomy":"post_tag","embeddable":true,"href":"https:\/\/www.infraestruturameioambiente.sp.gov.br\/institutogeologico\/wp-json\/wp\/v2\/tags?post=8836"}],"curies":[{"name":"wp","href":"https:\/\/api.w.org\/{rel}","templated":true}]}}