{"id":8824,"date":"2013-09-10T15:22:20","date_gmt":"2013-09-10T18:22:20","guid":{"rendered":"https:\/\/www.infraestruturameioambiente.sp.gov.br\/institutogeologico\/?p=8824"},"modified":"2013-11-12T13:21:40","modified_gmt":"2013-11-12T15:21:40","slug":"o-instituto-geologico-no-xi-dialogo-interbacias","status":"publish","type":"post","link":"https:\/\/www.infraestruturameioambiente.sp.gov.br\/institutogeologico\/2013\/09\/o-instituto-geologico-no-xi-dialogo-interbacias\/","title":{"rendered":"O Instituto Geol\u00f3gico no XI Di\u00e1logo Interbacias"},"content":{"rendered":"<div class=\"wc-gallery\"><div id='gallery-1' data-gutter-width='5' data-columns='1' class='gallery wc-gallery-captions-onhover gallery-link-file gallery-masonry galleryid-8824 gallery-columns-1 gallery-size-thumbnail wc-gallery-bottomspace-default wc-gallery-clear'><div class='gallery-item gallery-item-position-1 gallery-item-attachment-8826'>\n\t\t\t\t<div class='gallery-icon landscape'>\n\t\t\t\t\t<a href='https:\/\/www.infraestruturameioambiente.sp.gov.br\/institutogeologico\/wp-content\/uploads\/sites\/233\/2013\/11\/XI_Interbacias_02-600x600.jpg' title='XI_Interbacias_02' target='_self'><img width=\"150\" height=\"150\" src=\"https:\/\/www.infraestruturameioambiente.sp.gov.br\/institutogeologico\/wp-content\/uploads\/sites\/233\/2013\/11\/XI_Interbacias_02-150x150.jpg\" class=\"attachment-thumbnail size-thumbnail\" alt=\"\" decoding=\"async\" loading=\"lazy\" srcset=\"https:\/\/www.infraestruturameioambiente.sp.gov.br\/institutogeologico\/wp-content\/uploads\/sites\/233\/2013\/11\/XI_Interbacias_02-150x150.jpg 150w, https:\/\/www.infraestruturameioambiente.sp.gov.br\/institutogeologico\/wp-content\/uploads\/sites\/233\/2013\/11\/XI_Interbacias_02-600x600.jpg 600w\" sizes=\"(max-width: 150px) 100vw, 150px\" \/><\/a>\n\t\t\t\t<\/div><\/div><div class='gallery-item gallery-item-position-2 gallery-item-attachment-8827'>\n\t\t\t\t<div class='gallery-icon landscape'>\n\t\t\t\t\t<a href='https:\/\/www.infraestruturameioambiente.sp.gov.br\/institutogeologico\/wp-content\/uploads\/sites\/233\/2013\/11\/XI_Interbacias_01-600x600.jpg' title='XI_Interbacias_01' target='_self'><img width=\"150\" height=\"150\" src=\"https:\/\/www.infraestruturameioambiente.sp.gov.br\/institutogeologico\/wp-content\/uploads\/sites\/233\/2013\/11\/XI_Interbacias_01-150x150.jpg\" class=\"attachment-thumbnail size-thumbnail\" alt=\"\" decoding=\"async\" loading=\"lazy\" srcset=\"https:\/\/www.infraestruturameioambiente.sp.gov.br\/institutogeologico\/wp-content\/uploads\/sites\/233\/2013\/11\/XI_Interbacias_01-150x150.jpg 150w, https:\/\/www.infraestruturameioambiente.sp.gov.br\/institutogeologico\/wp-content\/uploads\/sites\/233\/2013\/11\/XI_Interbacias_01-600x600.jpg 600w\" sizes=\"(max-width: 150px) 100vw, 150px\" \/><\/a>\n\t\t\t\t<\/div><\/div><\/div>\n<\/div>\n<p style=\"text-align: justify\">O Instituto Geol\u00f3gico (IG) participou com estande de divulga\u00e7\u00e3o cient\u00edfica no XI Di\u00e1logo Interbacias de Educa\u00e7\u00e3o Ambiental em Recursos H\u00eddricos, que aconteceu entre os dias 2 a 5 de setembro de 2013 na cidade de S\u00e3o Pedro-SP. O ano 2013 foi escolhido pela Organiza\u00e7\u00e3o das Na\u00e7\u00f5es Unidas (ONU) para dedicar o dia Mundial da \u00c1gua com o tema \u201cAno Internacional de Coopera\u00e7\u00e3o pela \u00c1gua\u201d.<\/p>\n<p style=\"text-align: justify\">O Di\u00e1logo Interbacias \u00e9 um Projeto de Educa\u00e7\u00e3o Ambiental, cont\u00ednuo e permanente de integra\u00e7\u00e3o de a\u00e7\u00f5es educativas dos 21 Comit\u00eas das Bacias Hidrogr\u00e1ficas que proporciona entre outros fatores a constru\u00e7\u00e3o de valores e a aquisi\u00e7\u00e3o de conhecimentos, atitudes e habilidades voltadas para a participa\u00e7\u00e3o respons\u00e1vel na Gest\u00e3o das \u00c1guas. O desenvolvimento da coopera\u00e7\u00e3o pela \u00e1gua envolve uma abordagem que re\u00fane fatores e disciplinas culturais, educacionais e cient\u00edficas com objetivo de discutir e avaliar os resultados da educa\u00e7\u00e3o ambiental e a gest\u00e3o dos recursos h\u00eddricos no Estado de S\u00e3o Paulo.<\/p>\n<p style=\"text-align: justify\">O IG possui uma pol\u00edtica de fomentar a divulga\u00e7\u00e3o do conhecimento das geoci\u00eancias, por meio da publica\u00e7\u00e3o de resultados de pesquisas cient\u00edficas e atividades t\u00e9cnicas, despertando interesse dos membros dos Comit\u00eas de Bacias Hidrogr\u00e1ficas, prefeitos municipais, vereadores, educadores, t\u00e9cnicos de \u00f3rg\u00e3os p\u00fablicos e privados, ambientalistas e da sociedade civil em geral.<\/p>\n","protected":false},"excerpt":{"rendered":"<p>O Instituto Geol\u00f3gico (IG) participou com estande de divulga\u00e7\u00e3o cient\u00edfica no XI Di\u00e1logo Interbacias de Educa\u00e7\u00e3o Ambiental em Recursos H\u00eddricos, que aconteceu entre os dias 2 a 5 de setembro de 2013 na cidade de S\u00e3o Pedro-SP. O ano 2013 foi escolhido pela Organiza\u00e7\u00e3o das Na\u00e7\u00f5es Unidas (ONU) para dedicar o dia Mundial da \u00c1gua [&hellip;]<\/p>\n","protected":false},"author":25,"featured_media":8825,"comment_status":"closed","ping_status":"open","sticky":false,"template":"","format":"standard","meta":[],"categories":[1850],"tags":[],"_links":{"self":[{"href":"https:\/\/www.infraestruturameioambiente.sp.gov.br\/institutogeologico\/wp-json\/wp\/v2\/posts\/8824"}],"collection":[{"href":"https:\/\/www.infraestruturameioambiente.sp.gov.br\/institutogeologico\/wp-json\/wp\/v2\/posts"}],"about":[{"href":"https:\/\/www.infraestruturameioambiente.sp.gov.br\/institutogeologico\/wp-json\/wp\/v2\/types\/post"}],"author":[{"embeddable":true,"href":"https:\/\/www.infraestruturameioambiente.sp.gov.br\/institutogeologico\/wp-json\/wp\/v2\/users\/25"}],"replies":[{"embeddable":true,"href":"https:\/\/www.infraestruturameioambiente.sp.gov.br\/institutogeologico\/wp-json\/wp\/v2\/comments?post=8824"}],"version-history":[{"count":3,"href":"https:\/\/www.infraestruturameioambiente.sp.gov.br\/institutogeologico\/wp-json\/wp\/v2\/posts\/8824\/revisions"}],"predecessor-version":[{"id":8854,"href":"https:\/\/www.infraestruturameioambiente.sp.gov.br\/institutogeologico\/wp-json\/wp\/v2\/posts\/8824\/revisions\/8854"}],"wp:featuredmedia":[{"embeddable":true,"href":"https:\/\/www.infraestruturameioambiente.sp.gov.br\/institutogeologico\/wp-json\/wp\/v2\/media\/8825"}],"wp:attachment":[{"href":"https:\/\/www.infraestruturameioambiente.sp.gov.br\/institutogeologico\/wp-json\/wp\/v2\/media?parent=8824"}],"wp:term":[{"taxonomy":"category","embeddable":true,"href":"https:\/\/www.infraestruturameioambiente.sp.gov.br\/institutogeologico\/wp-json\/wp\/v2\/categories?post=8824"},{"taxonomy":"post_tag","embeddable":true,"href":"https:\/\/www.infraestruturameioambiente.sp.gov.br\/institutogeologico\/wp-json\/wp\/v2\/tags?post=8824"}],"curies":[{"name":"wp","href":"https:\/\/api.w.org\/{rel}","templated":true}]}}