{"id":8698,"date":"2013-06-11T16:09:17","date_gmt":"2013-06-11T19:09:17","guid":{"rendered":"https:\/\/www.infraestruturameioambiente.sp.gov.br\/institutogeologico\/?p=8698"},"modified":"2013-06-11T16:09:17","modified_gmt":"2013-06-11T19:09:17","slug":"mobilidade-urbana-e-impactos-de-deslizamentos-e-inundacoes-durante-os-periodos-chuvosos-foi-objeto-de-discussao-na-oficina-tecnica-coordenada-por-pesquisador-do-instituto-geologico","status":"publish","type":"post","link":"https:\/\/www.infraestruturameioambiente.sp.gov.br\/institutogeologico\/2013\/06\/mobilidade-urbana-e-impactos-de-deslizamentos-e-inundacoes-durante-os-periodos-chuvosos-foi-objeto-de-discussao-na-oficina-tecnica-coordenada-por-pesquisador-do-instituto-geologico\/","title":{"rendered":"\u201cMobilidade urbana e impactos de deslizamentos e inunda\u00e7\u00f5es durante os per\u00edodos chuvosos\u201d foi objeto de discuss\u00e3o na oficina t\u00e9cnica coordenada por pesquisador do Instituto Geol\u00f3gico"},"content":{"rendered":"<p style=\"text-align: justify\"><a href=\"https:\/\/www.infraestruturameioambiente.sp.gov.br\/wp-content\/uploads\/sites\/233\/2013\/06\/PaulinhoOficinaABC.jpg\"><img decoding=\"async\" loading=\"lazy\" class=\"alignleft  wp-image-8699\" src=\"https:\/\/www.infraestruturameioambiente.sp.gov.br\/wp-content\/uploads\/sites\/233\/2013\/06\/PaulinhoOficinaABC-300x217.jpg\" alt=\"\" width=\"240\" height=\"174\" srcset=\"https:\/\/www.infraestruturameioambiente.sp.gov.br\/institutogeologico\/wp-content\/uploads\/sites\/233\/2013\/06\/PaulinhoOficinaABC-300x217.jpg 300w, https:\/\/www.infraestruturameioambiente.sp.gov.br\/institutogeologico\/wp-content\/uploads\/sites\/233\/2013\/06\/PaulinhoOficinaABC-371x270.jpg 371w, https:\/\/www.infraestruturameioambiente.sp.gov.br\/institutogeologico\/wp-content\/uploads\/sites\/233\/2013\/06\/PaulinhoOficinaABC-213x155.jpg 213w, https:\/\/www.infraestruturameioambiente.sp.gov.br\/institutogeologico\/wp-content\/uploads\/sites\/233\/2013\/06\/PaulinhoOficinaABC-133x97.jpg 133w, https:\/\/www.infraestruturameioambiente.sp.gov.br\/institutogeologico\/wp-content\/uploads\/sites\/233\/2013\/06\/PaulinhoOficinaABC-68x49.jpg 68w, https:\/\/www.infraestruturameioambiente.sp.gov.br\/institutogeologico\/wp-content\/uploads\/sites\/233\/2013\/06\/PaulinhoOficinaABC-276x201.jpg 276w, https:\/\/www.infraestruturameioambiente.sp.gov.br\/institutogeologico\/wp-content\/uploads\/sites\/233\/2013\/06\/PaulinhoOficinaABC-129x93.jpg 129w, https:\/\/www.infraestruturameioambiente.sp.gov.br\/institutogeologico\/wp-content\/uploads\/sites\/233\/2013\/06\/PaulinhoOficinaABC-136x99.jpg 136w, https:\/\/www.infraestruturameioambiente.sp.gov.br\/institutogeologico\/wp-content\/uploads\/sites\/233\/2013\/06\/PaulinhoOficinaABC-70x50.jpg 70w, https:\/\/www.infraestruturameioambiente.sp.gov.br\/institutogeologico\/wp-content\/uploads\/sites\/233\/2013\/06\/PaulinhoOficinaABC-330x239.jpg 330w, https:\/\/www.infraestruturameioambiente.sp.gov.br\/institutogeologico\/wp-content\/uploads\/sites\/233\/2013\/06\/PaulinhoOficinaABC-69x50.jpg 69w, https:\/\/www.infraestruturameioambiente.sp.gov.br\/institutogeologico\/wp-content\/uploads\/sites\/233\/2013\/06\/PaulinhoOficinaABC.jpg 800w\" sizes=\"(max-width: 240px) 100vw, 240px\" \/><\/a>O Pesquisador do Instituto Geol\u00f3gico Paulo Cesar Fernandes da Silva participou como moderador na Oficina T\u00e9cnica Desafios da Gest\u00e3o de Riscos Urbanos no Grande ABC, realizado no dia 28 de maio de 2013 no Teatro Lauro Gomes, em S\u00e3o Bernardo do Campo. O evento foi coordenado pelo Cons\u00f3rcio Intermunicipal Grande ABC, com apoio do Minist\u00e9rio das Cidades e da Universidade Federal do ABC.<\/p>\n<p style=\"text-align: justify\">\u00a0Moderando uma oficina t\u00e9cnica em grupo formada por representantes dos munic\u00edpios envolvidos, o pesquisador coordenou os trabalhos e os debates sobre: \u201cMobilidade urbana e impactos de deslizamentos e inunda\u00e7\u00f5es durante os per\u00edodos chuvosos\u201d, o grupo buscou estruturar a\u00e7\u00f5es conjuntas entre diversos \u00f3rg\u00e3os para o enfrentamento de quest\u00f5es de natureza regional em rela\u00e7\u00e3o \u00e0 gest\u00e3o de riscos urbanos no ABC.<\/p>\n<p style=\"text-align: justify\">\u00a0Com o intuito de discutir as vulnerabilidades existentes e interven\u00e7\u00f5es necess\u00e1rias para a redu\u00e7\u00e3o dos riscos e resposta a desastres naturais na regi\u00e3o do Grande ABC, os debates apontaram para a necessidade de cria\u00e7\u00e3o de grupos de trabalho para discutir e promover a articula\u00e7\u00e3o dos temas apontados durante a Oficina, bem como estabelecer uma agenda executiva para balizar o enfrentamento dos riscos ambientais comuns aos sete munic\u00edpios que comp\u00f5em o Cons\u00f3rcio e que impactam seu desenvolvimento.<\/p>\n<p style=\"text-align: justify\">Ap\u00f3s o encerramento do evento, o pesquisador fez um balan\u00e7o do encontro para o programa Rep\u00f3rter Di\u00e1rio. A entrevista na integra est\u00e1 dispon\u00edvel <a href=\"http:\/\/youtu.be\/cnu9w7lp3cI?t=4m\">AQUI<\/a>.<\/p>\n","protected":false},"excerpt":{"rendered":"<p>O Pesquisador do Instituto Geol\u00f3gico Paulo Cesar Fernandes da Silva participou como moderador na Oficina T\u00e9cnica Desafios da Gest\u00e3o de Riscos Urbanos no Grande ABC, realizado no dia 28 de maio de 2013 no Teatro Lauro Gomes, em S\u00e3o Bernardo do Campo. O evento foi coordenado pelo Cons\u00f3rcio Intermunicipal Grande ABC, com apoio do Minist\u00e9rio [&hellip;]<\/p>\n","protected":false},"author":25,"featured_media":8699,"comment_status":"closed","ping_status":"open","sticky":false,"template":"","format":"standard","meta":[],"categories":[1850],"tags":[],"_links":{"self":[{"href":"https:\/\/www.infraestruturameioambiente.sp.gov.br\/institutogeologico\/wp-json\/wp\/v2\/posts\/8698"}],"collection":[{"href":"https:\/\/www.infraestruturameioambiente.sp.gov.br\/institutogeologico\/wp-json\/wp\/v2\/posts"}],"about":[{"href":"https:\/\/www.infraestruturameioambiente.sp.gov.br\/institutogeologico\/wp-json\/wp\/v2\/types\/post"}],"author":[{"embeddable":true,"href":"https:\/\/www.infraestruturameioambiente.sp.gov.br\/institutogeologico\/wp-json\/wp\/v2\/users\/25"}],"replies":[{"embeddable":true,"href":"https:\/\/www.infraestruturameioambiente.sp.gov.br\/institutogeologico\/wp-json\/wp\/v2\/comments?post=8698"}],"version-history":[{"count":4,"href":"https:\/\/www.infraestruturameioambiente.sp.gov.br\/institutogeologico\/wp-json\/wp\/v2\/posts\/8698\/revisions"}],"predecessor-version":[{"id":8703,"href":"https:\/\/www.infraestruturameioambiente.sp.gov.br\/institutogeologico\/wp-json\/wp\/v2\/posts\/8698\/revisions\/8703"}],"wp:featuredmedia":[{"embeddable":true,"href":"https:\/\/www.infraestruturameioambiente.sp.gov.br\/institutogeologico\/wp-json\/wp\/v2\/media\/8699"}],"wp:attachment":[{"href":"https:\/\/www.infraestruturameioambiente.sp.gov.br\/institutogeologico\/wp-json\/wp\/v2\/media?parent=8698"}],"wp:term":[{"taxonomy":"category","embeddable":true,"href":"https:\/\/www.infraestruturameioambiente.sp.gov.br\/institutogeologico\/wp-json\/wp\/v2\/categories?post=8698"},{"taxonomy":"post_tag","embeddable":true,"href":"https:\/\/www.infraestruturameioambiente.sp.gov.br\/institutogeologico\/wp-json\/wp\/v2\/tags?post=8698"}],"curies":[{"name":"wp","href":"https:\/\/api.w.org\/{rel}","templated":true}]}}