{"id":7142,"date":"2012-04-23T14:12:13","date_gmt":"2012-04-23T17:12:13","guid":{"rendered":"https:\/\/www.infraestruturameioambiente.sp.gov.br\/institutogeologico\/?p=7142"},"modified":"2013-03-13T10:59:59","modified_gmt":"2013-03-13T13:59:59","slug":"pesquisador-do-ig-profere-palestra-em-bh","status":"publish","type":"post","link":"https:\/\/www.infraestruturameioambiente.sp.gov.br\/institutogeologico\/2012\/04\/pesquisador-do-ig-profere-palestra-em-bh\/","title":{"rendered":"Pesquisador do IG profere palestra em BH"},"content":{"rendered":"<p style=\"text-align: justify\">O pesquisador cient\u00edfico, Paulo Cesar Fernandes da Silva, do Instituto Geol\u00f3gico &#8211; IG, a convite da Sociedade Brasileira de Recupera\u00e7\u00e3o de \u00c1reas Degradadas &#8211; SOBRADE, far\u00e1 a palestra de abertura no Semin\u00e1rio Latino-americano sobre Pr\u00e1ticas Socioambientais e de Seguran\u00e7a na Minera\u00e7\u00e3o, que acontecer\u00e1 de 23 a 26\/04\/2012, na Associa\u00e7\u00e3o M\u00e9dica de Minas Gerais, Av. Jo\u00e3o Pinheiros, 161- Belo Horizonte (MG). O pesquisador tratar\u00e1 do tema \u201dPol\u00edticas P\u00fablicas para Gest\u00e3o Ambiental, Arranjos Institucionais e Mecanismos Econ\u00f4micos para Recupera\u00e7\u00e3o de \u00c1reas Impactadas na Minera\u00e7\u00e3o\u201d.<\/p>\n<p style=\"text-align: justify\">O evento ter\u00e1 como foco temas que est\u00e3o na ordem do dia de mineradoras nacionais e internacionais, e abordar\u00e1 aspectos ambientais, quest\u00f5es de sa\u00fade e seguran\u00e7a no trabalho e, relacionamento com a comunidade do entorno. O Semin\u00e1rio ser\u00e1 estruturado na forma de confer\u00eancias, mesas redondas e sess\u00f5es de trabalhos t\u00e9cnico-cient\u00edficos na forma de pain\u00e9is, comunica\u00e7\u00e3o oral e minicursos.<\/p>\n<p style=\"text-align: justify\">O prop\u00f3sito \u00e9 reunir especialistas da \u00e1rea e promover discuss\u00e3o dos temas relacionados, apresenta\u00e7\u00e3o das experi\u00eancias das empresas, permitindo assim a troca de informa\u00e7\u00f5es entre os participantes, possibilitando acesso a novos conhecimentos.<\/p>\n","protected":false},"excerpt":{"rendered":"<p>O pesquisador cient\u00edfico, Paulo Cesar Fernandes da Silva, do Instituto Geol\u00f3gico &#8211; IG, a convite da Sociedade Brasileira de Recupera\u00e7\u00e3o de \u00c1reas Degradadas &#8211; SOBRADE, far\u00e1 a palestra de abertura no Semin\u00e1rio Latino-americano sobre Pr\u00e1ticas Socioambientais e de Seguran\u00e7a na Minera\u00e7\u00e3o, que acontecer\u00e1 de 23 a 26\/04\/2012, na Associa\u00e7\u00e3o M\u00e9dica de Minas Gerais, Av. Jo\u00e3o [&hellip;]<\/p>\n","protected":false},"author":6,"featured_media":0,"comment_status":"open","ping_status":"open","sticky":false,"template":"","format":"standard","meta":[],"categories":[1850],"tags":[],"_links":{"self":[{"href":"https:\/\/www.infraestruturameioambiente.sp.gov.br\/institutogeologico\/wp-json\/wp\/v2\/posts\/7142"}],"collection":[{"href":"https:\/\/www.infraestruturameioambiente.sp.gov.br\/institutogeologico\/wp-json\/wp\/v2\/posts"}],"about":[{"href":"https:\/\/www.infraestruturameioambiente.sp.gov.br\/institutogeologico\/wp-json\/wp\/v2\/types\/post"}],"author":[{"embeddable":true,"href":"https:\/\/www.infraestruturameioambiente.sp.gov.br\/institutogeologico\/wp-json\/wp\/v2\/users\/6"}],"replies":[{"embeddable":true,"href":"https:\/\/www.infraestruturameioambiente.sp.gov.br\/institutogeologico\/wp-json\/wp\/v2\/comments?post=7142"}],"version-history":[{"count":6,"href":"https:\/\/www.infraestruturameioambiente.sp.gov.br\/institutogeologico\/wp-json\/wp\/v2\/posts\/7142\/revisions"}],"predecessor-version":[{"id":7955,"href":"https:\/\/www.infraestruturameioambiente.sp.gov.br\/institutogeologico\/wp-json\/wp\/v2\/posts\/7142\/revisions\/7955"}],"wp:attachment":[{"href":"https:\/\/www.infraestruturameioambiente.sp.gov.br\/institutogeologico\/wp-json\/wp\/v2\/media?parent=7142"}],"wp:term":[{"taxonomy":"category","embeddable":true,"href":"https:\/\/www.infraestruturameioambiente.sp.gov.br\/institutogeologico\/wp-json\/wp\/v2\/categories?post=7142"},{"taxonomy":"post_tag","embeddable":true,"href":"https:\/\/www.infraestruturameioambiente.sp.gov.br\/institutogeologico\/wp-json\/wp\/v2\/tags?post=7142"}],"curies":[{"name":"wp","href":"https:\/\/api.w.org\/{rel}","templated":true}]}}