{"id":7126,"date":"2012-05-11T13:35:02","date_gmt":"2012-05-11T16:35:02","guid":{"rendered":"https:\/\/www.infraestruturameioambiente.sp.gov.br\/institutogeologico\/?p=7126"},"modified":"2013-03-13T10:53:06","modified_gmt":"2013-03-13T13:53:06","slug":"pesquisadora-do-ig-participa-de-congresso-internacional-sobre-mudancas-climaticas","status":"publish","type":"post","link":"https:\/\/www.infraestruturameioambiente.sp.gov.br\/institutogeologico\/2012\/05\/pesquisadora-do-ig-participa-de-congresso-internacional-sobre-mudancas-climaticas\/","title":{"rendered":"Pesquisadora do IG participa de Congresso Internacional sobre Mudan\u00e7as Clim\u00e1ticas"},"content":{"rendered":"<p style=\"text-align: justify\">A pesquisadora, Mirian Ramos Gutjahr do N\u00facleo de Climatologia, do Instituto Geol\u00f3gico (IG), participar\u00e1 do Congresso Internacional sobre Clima, \u00c1gua e Energia, o \u201cWorld Congress on Water \u2013 2012\u201d que acontecer\u00e1 entre os dias 13 e 18 de maio na cidade de Dublin, na Irlanda.<\/p>\n<p style=\"text-align: justify\">No dia 15 a pesquisadora apresentar\u00e1 o trabalho intitulado \u201cO Conceito de Chuvas Excessivas e Desastres Naturais &#8211; Um Estudo de Caso em \u00c1rea Tropical SP\/BRASIL\u201d divulgando resultados do projeto de pesquisa institucional \u201cEstudos Hist\u00f3ricos de Eventos Clim\u00e1ticos Extremos na Baixada Santista \u2013 SP\u201d coordenado e desenvolvido pela pesquisadora.<\/p>\n<p style=\"text-align: justify\">O Congresso \u00e9 organizado pela International Water Association (IWA), uma rede global que re\u00fane mais de 10.000 pesquisadores que tratam de todas as facetas do ciclo da \u00e1gua.<\/p>\n<p style=\"text-align: justify\">Al\u00e9m de tratar do tema \u00e1gua, o congresso abortar\u00e1 temas relacionados com o Meio Ambiente e Ecologia, Mudan\u00e7as Clim\u00e1ticas, Comunica\u00e7\u00e3o e Informa\u00e7\u00e3o, Economia e Pol\u00edtica, Agricultura, \u00c1gua e Alimentos.<\/p>\n<p style=\"text-align: justify\">Um dos principais objetivos do Congresso \u00e9 explorar os t\u00f3picos das cidades resilientes e sustent\u00e1veis com foco na adapta\u00e7\u00e3o \u00e0s altera\u00e7\u00f5es clim\u00e1ticas e mitiga\u00e7\u00e3o de seus efeitos.<\/p>\n","protected":false},"excerpt":{"rendered":"<p>A pesquisadora, Mirian Ramos Gutjahr do N\u00facleo de Climatologia, do Instituto Geol\u00f3gico (IG), participar\u00e1 do Congresso Internacional sobre Clima, \u00c1gua e Energia, o \u201cWorld Congress on Water \u2013 2012\u201d que acontecer\u00e1 entre os dias 13 e 18 de maio na cidade de Dublin, na Irlanda. No dia 15 a pesquisadora apresentar\u00e1 o trabalho intitulado \u201cO [&hellip;]<\/p>\n","protected":false},"author":6,"featured_media":0,"comment_status":"open","ping_status":"open","sticky":false,"template":"","format":"standard","meta":[],"categories":[1850],"tags":[],"_links":{"self":[{"href":"https:\/\/www.infraestruturameioambiente.sp.gov.br\/institutogeologico\/wp-json\/wp\/v2\/posts\/7126"}],"collection":[{"href":"https:\/\/www.infraestruturameioambiente.sp.gov.br\/institutogeologico\/wp-json\/wp\/v2\/posts"}],"about":[{"href":"https:\/\/www.infraestruturameioambiente.sp.gov.br\/institutogeologico\/wp-json\/wp\/v2\/types\/post"}],"author":[{"embeddable":true,"href":"https:\/\/www.infraestruturameioambiente.sp.gov.br\/institutogeologico\/wp-json\/wp\/v2\/users\/6"}],"replies":[{"embeddable":true,"href":"https:\/\/www.infraestruturameioambiente.sp.gov.br\/institutogeologico\/wp-json\/wp\/v2\/comments?post=7126"}],"version-history":[{"count":4,"href":"https:\/\/www.infraestruturameioambiente.sp.gov.br\/institutogeologico\/wp-json\/wp\/v2\/posts\/7126\/revisions"}],"predecessor-version":[{"id":7940,"href":"https:\/\/www.infraestruturameioambiente.sp.gov.br\/institutogeologico\/wp-json\/wp\/v2\/posts\/7126\/revisions\/7940"}],"wp:attachment":[{"href":"https:\/\/www.infraestruturameioambiente.sp.gov.br\/institutogeologico\/wp-json\/wp\/v2\/media?parent=7126"}],"wp:term":[{"taxonomy":"category","embeddable":true,"href":"https:\/\/www.infraestruturameioambiente.sp.gov.br\/institutogeologico\/wp-json\/wp\/v2\/categories?post=7126"},{"taxonomy":"post_tag","embeddable":true,"href":"https:\/\/www.infraestruturameioambiente.sp.gov.br\/institutogeologico\/wp-json\/wp\/v2\/tags?post=7126"}],"curies":[{"name":"wp","href":"https:\/\/api.w.org\/{rel}","templated":true}]}}