{"id":7121,"date":"2012-06-11T13:24:18","date_gmt":"2012-06-11T16:24:18","guid":{"rendered":"https:\/\/www.infraestruturameioambiente.sp.gov.br\/institutogeologico\/?p=7121"},"modified":"2013-03-12T11:18:09","modified_gmt":"2013-03-12T14:18:09","slug":"instituto-geologico-participa-do-9o-forum-nacional-de-defesa-civil","status":"publish","type":"post","link":"https:\/\/www.infraestruturameioambiente.sp.gov.br\/institutogeologico\/2012\/06\/instituto-geologico-participa-do-9o-forum-nacional-de-defesa-civil\/","title":{"rendered":"Instituto Geol\u00f3gico participa do 9\u00ba F\u00f3rum Nacional de Defesa Civil"},"content":{"rendered":"<p style=\"text-align: justify\">A Pesquisadora Lidia Keiko Tominaga participou representando o Instituto Geol\u00f3gico (IG) no IX F\u00f3rum Nacional de Defesa Civil, que ocorreu no munic\u00edpio de Angra dos Reis (RJ) entre os dias 04 a 06 de junho. O Evento foi promovido pela Secretaria Nacional de Defesa Civil, do Minist\u00e9rio da Integra\u00e7\u00e3o Nacional.<\/p>\n<p style=\"text-align: justify\">O tema abordado foi \u201cDesastres acontecem quando n\u00e3o estamos preparados\u201d, e tem como objetivo fomentar a\u00e7\u00f5es de prepara\u00e7\u00e3o para desastres, tais como: Treinamentos Simulados, Planos de Conting\u00eancia e Sistema de Alerta e Alarme.<\/p>\n<p style=\"text-align: justify\">O evento reuniu coordenadores municipais e estaduais de Defesa Civil, t\u00e9cnicos e gestores da \u00e1rea, pesquisadores, membros de universidades e demais interessados em compartilhar experi\u00eancias e boas pr\u00e1ticas sobre preven\u00e7\u00e3o de desastres e redu\u00e7\u00e3o de riscos. Foram distribu\u00eddos materiais de divulga\u00e7\u00e3o cient\u00edfica e publica\u00e7\u00f5es do IG sobre preven\u00e7\u00e3o a desastres naturais.<\/p>\n","protected":false},"excerpt":{"rendered":"<p>A Pesquisadora Lidia Keiko Tominaga participou representando o Instituto Geol\u00f3gico (IG) no IX F\u00f3rum Nacional de Defesa Civil, que ocorreu no munic\u00edpio de Angra dos Reis (RJ) entre os dias 04 a 06 de junho. O Evento foi promovido pela Secretaria Nacional de Defesa Civil, do Minist\u00e9rio da Integra\u00e7\u00e3o Nacional. O tema abordado foi \u201cDesastres [&hellip;]<\/p>\n","protected":false},"author":6,"featured_media":0,"comment_status":"open","ping_status":"open","sticky":false,"template":"","format":"standard","meta":[],"categories":[1850],"tags":[],"_links":{"self":[{"href":"https:\/\/www.infraestruturameioambiente.sp.gov.br\/institutogeologico\/wp-json\/wp\/v2\/posts\/7121"}],"collection":[{"href":"https:\/\/www.infraestruturameioambiente.sp.gov.br\/institutogeologico\/wp-json\/wp\/v2\/posts"}],"about":[{"href":"https:\/\/www.infraestruturameioambiente.sp.gov.br\/institutogeologico\/wp-json\/wp\/v2\/types\/post"}],"author":[{"embeddable":true,"href":"https:\/\/www.infraestruturameioambiente.sp.gov.br\/institutogeologico\/wp-json\/wp\/v2\/users\/6"}],"replies":[{"embeddable":true,"href":"https:\/\/www.infraestruturameioambiente.sp.gov.br\/institutogeologico\/wp-json\/wp\/v2\/comments?post=7121"}],"version-history":[{"count":3,"href":"https:\/\/www.infraestruturameioambiente.sp.gov.br\/institutogeologico\/wp-json\/wp\/v2\/posts\/7121\/revisions"}],"predecessor-version":[{"id":7123,"href":"https:\/\/www.infraestruturameioambiente.sp.gov.br\/institutogeologico\/wp-json\/wp\/v2\/posts\/7121\/revisions\/7123"}],"wp:attachment":[{"href":"https:\/\/www.infraestruturameioambiente.sp.gov.br\/institutogeologico\/wp-json\/wp\/v2\/media?parent=7121"}],"wp:term":[{"taxonomy":"category","embeddable":true,"href":"https:\/\/www.infraestruturameioambiente.sp.gov.br\/institutogeologico\/wp-json\/wp\/v2\/categories?post=7121"},{"taxonomy":"post_tag","embeddable":true,"href":"https:\/\/www.infraestruturameioambiente.sp.gov.br\/institutogeologico\/wp-json\/wp\/v2\/tags?post=7121"}],"curies":[{"name":"wp","href":"https:\/\/api.w.org\/{rel}","templated":true}]}}