{"id":7113,"date":"2012-06-22T12:38:49","date_gmt":"2012-06-22T15:38:49","guid":{"rendered":"https:\/\/www.infraestruturameioambiente.sp.gov.br\/institutogeologico\/?p=7113"},"modified":"2013-03-12T11:14:54","modified_gmt":"2013-03-12T14:14:54","slug":"instituto-geologico-apoia-defesa-civil-em-seminarios-regionais","status":"publish","type":"post","link":"https:\/\/www.infraestruturameioambiente.sp.gov.br\/institutogeologico\/2012\/06\/instituto-geologico-apoia-defesa-civil-em-seminarios-regionais\/","title":{"rendered":"Instituto Geol\u00f3gico apoia Defesa Civil em Semin\u00e1rios Regionais"},"content":{"rendered":"<p style=\"text-align: justify\">Os semin\u00e1rios regionais de defesa civil, organizados pela Coordenadoria Estadual de Defesa Civil \u2013 CEDEC t\u00eam como objetivo apoiar os munic\u00edpios na identifica\u00e7\u00e3o e monitoramento de \u00e1reas de risco, cria\u00e7\u00e3o do plano de conting\u00eancia municipal, comunica\u00e7\u00e3o e percep\u00e7\u00e3o de risco \u00e0 comunidade e desenvolver estudos voltados \u00e0 atua\u00e7\u00e3o dos integrantes das Coordenadorias Municipais de Defesa Civil e volunt\u00e1rios.<br \/>\nO Instituto Geol\u00f3gico participa da a\u00e7\u00e3o conforme previsto no Termo de Coopera\u00e7\u00e3o T\u00e9cnica assinado entre a Secretaria do Meio Ambiente, por meio do Instituto Geol\u00f3gico (IG), com a Casa Militar, por meio da Coordenadoria Estadual de Defesa Civil (CEDEC).<\/p>\n<p style=\"text-align: justify\">At\u00e9 o momento foram realizados semin\u00e1rios nas regi\u00f5es de Registro, Sorocaba, Bauru, Guaratinguet\u00e1 e Mar\u00edlia. Durante o Semin\u00e1rio de Defesa Civil na Regi\u00e3o de Campinas, que aconteceu nos dias 20 e 21 de junho de 2012 em Campo Limpo Paulista, o pesquisador do Instituto Geol\u00f3gico (IG), o ge\u00f3logo Jair Santoro ministrou no dia 21 de junho a palestra intitulada: \u201cCen\u00e1rio de Risco Geol\u00f3gico e Preenchimento de Ficha de Avalia\u00e7\u00e3o de Risco\u201d, O semin\u00e1rio \u00e9 organizado pela Coordenadoria Estadual de Defesa Civil (CEDEC-SP) e atendeu aos 90 munic\u00edpios da regi\u00e3o administrativa.<\/p>\n","protected":false},"excerpt":{"rendered":"<p>Os semin\u00e1rios regionais de defesa civil, organizados pela Coordenadoria Estadual de Defesa Civil \u2013 CEDEC t\u00eam como objetivo apoiar os munic\u00edpios na identifica\u00e7\u00e3o e monitoramento de \u00e1reas de risco, cria\u00e7\u00e3o do plano de conting\u00eancia municipal, comunica\u00e7\u00e3o e percep\u00e7\u00e3o de risco \u00e0 comunidade e desenvolver estudos voltados \u00e0 atua\u00e7\u00e3o dos integrantes das Coordenadorias Municipais de Defesa [&hellip;]<\/p>\n","protected":false},"author":6,"featured_media":0,"comment_status":"open","ping_status":"open","sticky":false,"template":"","format":"standard","meta":[],"categories":[1850],"tags":[],"_links":{"self":[{"href":"https:\/\/www.infraestruturameioambiente.sp.gov.br\/institutogeologico\/wp-json\/wp\/v2\/posts\/7113"}],"collection":[{"href":"https:\/\/www.infraestruturameioambiente.sp.gov.br\/institutogeologico\/wp-json\/wp\/v2\/posts"}],"about":[{"href":"https:\/\/www.infraestruturameioambiente.sp.gov.br\/institutogeologico\/wp-json\/wp\/v2\/types\/post"}],"author":[{"embeddable":true,"href":"https:\/\/www.infraestruturameioambiente.sp.gov.br\/institutogeologico\/wp-json\/wp\/v2\/users\/6"}],"replies":[{"embeddable":true,"href":"https:\/\/www.infraestruturameioambiente.sp.gov.br\/institutogeologico\/wp-json\/wp\/v2\/comments?post=7113"}],"version-history":[{"count":2,"href":"https:\/\/www.infraestruturameioambiente.sp.gov.br\/institutogeologico\/wp-json\/wp\/v2\/posts\/7113\/revisions"}],"predecessor-version":[{"id":7909,"href":"https:\/\/www.infraestruturameioambiente.sp.gov.br\/institutogeologico\/wp-json\/wp\/v2\/posts\/7113\/revisions\/7909"}],"wp:attachment":[{"href":"https:\/\/www.infraestruturameioambiente.sp.gov.br\/institutogeologico\/wp-json\/wp\/v2\/media?parent=7113"}],"wp:term":[{"taxonomy":"category","embeddable":true,"href":"https:\/\/www.infraestruturameioambiente.sp.gov.br\/institutogeologico\/wp-json\/wp\/v2\/categories?post=7113"},{"taxonomy":"post_tag","embeddable":true,"href":"https:\/\/www.infraestruturameioambiente.sp.gov.br\/institutogeologico\/wp-json\/wp\/v2\/tags?post=7113"}],"curies":[{"name":"wp","href":"https:\/\/api.w.org\/{rel}","templated":true}]}}