{"id":7100,"date":"2012-04-26T12:05:47","date_gmt":"2012-04-26T15:05:47","guid":{"rendered":"https:\/\/www.infraestruturameioambiente.sp.gov.br\/institutogeologico\/?p=7100"},"modified":"2013-03-13T10:58:09","modified_gmt":"2013-03-13T13:58:09","slug":"instituto-geologico-participa-da-recepcao-da-missao-francesa-ao-estado-de-sao-paulo","status":"publish","type":"post","link":"https:\/\/www.infraestruturameioambiente.sp.gov.br\/institutogeologico\/2012\/04\/instituto-geologico-participa-da-recepcao-da-missao-francesa-ao-estado-de-sao-paulo\/","title":{"rendered":"Instituto Geol\u00f3gico participa da recep\u00e7\u00e3o da Miss\u00e3o Francesa ao Estado de S\u00e3o Paulo"},"content":{"rendered":"<p style=\"text-align: justify\"><a href=\"https:\/\/www.infraestruturameioambiente.sp.gov.br\/wp-content\/uploads\/sites\/233\/2012\/10\/26-4-12-f1.jpg\"><img decoding=\"async\" loading=\"lazy\" class=\"alignleft size-thumbnail wp-image-7101\" src=\"https:\/\/www.infraestruturameioambiente.sp.gov.br\/wp-content\/uploads\/sites\/233\/2012\/10\/26-4-12-f1-150x150.jpg\" alt=\"\" width=\"150\" height=\"150\" \/><\/a>O Governo do Estado de S\u00e3o Paulo, por meio da Secretaria do Meio Ambiente e o Governo da Fran\u00e7a, pela Regi\u00e3o Proven\u00e7a-Alpes-Costa Azul (Provence-Alpes-C\u00f4te D\u2019Azur) assinaram em outubro de 2011 um Protocolo de Inten\u00e7\u00f5es para troca de experi\u00eancias em diversos campos da administra\u00e7\u00e3o, com destaque para a \u00e1rea de meio ambiente. O documento prev\u00ea miss\u00f5es prospectivas para estabelecimento de coopera\u00e7\u00e3o entre os dois pa\u00edses.<br \/>\nO Instituto Geol\u00f3gico (IG) participou da recep\u00e7\u00e3o da Miss\u00e3o francesa, coordenada pela Assessoria das \u00c1guas, da Secretaria do Meio Ambiente, que ocorreu entre os dias 17 e 21 de abril, para discutir assuntos com a tem\u00e1tica \u00e1gua e gest\u00e3o de riscos naturais. Como parte da coopera\u00e7\u00e3o o IG apresentou as diretrizes de utiliza\u00e7\u00e3o e prote\u00e7\u00e3o da \u00e1gua subterr\u00e2nea no Estado de S\u00e3o Paulo; defini\u00e7\u00e3o de mecanismos legais e institucionais para prote\u00e7\u00e3o da \u00e1gua subterr\u00e2nea em \u00e1reas cr\u00edticas e vulner\u00e1veis; problema da ocorr\u00eancia de nitrato nas \u00e1guas subterr\u00e2neas e prote\u00e7\u00e3o de mananciais (experi\u00eancias no Aqu\u00edfero Guarani) e a experi\u00eancia do IG em a\u00e7\u00f5es na preven\u00e7\u00e3o de desastres e redu\u00e7\u00e3o de eventos geodin\u00e2micos (deslizamentos de encostas, inunda\u00e7\u00f5es e eros\u00e3o) com \u00eanfase na articula\u00e7\u00e3o institucional; avalia\u00e7\u00e3o e mapeamento de risco em escalas local e regional; cadastro de acidentes e rela\u00e7\u00e3o entre risco; minera\u00e7\u00e3o e degrada\u00e7\u00e3o ambiental e adapta\u00e7\u00e3o \u00e0s mudan\u00e7as clim\u00e1ticas.<br \/>\nAl\u00e9m dos semin\u00e1rios realizados em S\u00e3o Paulo e em Ubatuba, a programa\u00e7\u00e3o contou ainda com visitas de campo ao N\u00facleo Cubat\u00e3o, do Parque Estadual da Serra do Mar, Ponta da Praia, em Santos, Fazenda Serramar e praia do Massagua\u00e7u em Caraguatatuba e Bairro Ipiranguinha, em Ubatuba. Os temas abordados nos trabalhos de campo foram \u00e1reas de risco e estrat\u00e9gias de redu\u00e7\u00e3o e preven\u00e7\u00e3o a desastres, eros\u00e3o costeira e minera\u00e7\u00e3o e recupera\u00e7\u00e3o ambiental.<\/p>\n","protected":false},"excerpt":{"rendered":"<p>O Governo do Estado de S\u00e3o Paulo, por meio da Secretaria do Meio Ambiente e o Governo da Fran\u00e7a, pela Regi\u00e3o Proven\u00e7a-Alpes-Costa Azul (Provence-Alpes-C\u00f4te D\u2019Azur) assinaram em outubro de 2011 um Protocolo de Inten\u00e7\u00f5es para troca de experi\u00eancias em diversos campos da administra\u00e7\u00e3o, com destaque para a \u00e1rea de meio ambiente. O documento prev\u00ea miss\u00f5es [&hellip;]<\/p>\n","protected":false},"author":6,"featured_media":7101,"comment_status":"open","ping_status":"open","sticky":false,"template":"","format":"standard","meta":[],"categories":[1850],"tags":[],"_links":{"self":[{"href":"https:\/\/www.infraestruturameioambiente.sp.gov.br\/institutogeologico\/wp-json\/wp\/v2\/posts\/7100"}],"collection":[{"href":"https:\/\/www.infraestruturameioambiente.sp.gov.br\/institutogeologico\/wp-json\/wp\/v2\/posts"}],"about":[{"href":"https:\/\/www.infraestruturameioambiente.sp.gov.br\/institutogeologico\/wp-json\/wp\/v2\/types\/post"}],"author":[{"embeddable":true,"href":"https:\/\/www.infraestruturameioambiente.sp.gov.br\/institutogeologico\/wp-json\/wp\/v2\/users\/6"}],"replies":[{"embeddable":true,"href":"https:\/\/www.infraestruturameioambiente.sp.gov.br\/institutogeologico\/wp-json\/wp\/v2\/comments?post=7100"}],"version-history":[{"count":5,"href":"https:\/\/www.infraestruturameioambiente.sp.gov.br\/institutogeologico\/wp-json\/wp\/v2\/posts\/7100\/revisions"}],"predecessor-version":[{"id":7952,"href":"https:\/\/www.infraestruturameioambiente.sp.gov.br\/institutogeologico\/wp-json\/wp\/v2\/posts\/7100\/revisions\/7952"}],"wp:featuredmedia":[{"embeddable":true,"href":"https:\/\/www.infraestruturameioambiente.sp.gov.br\/institutogeologico\/wp-json\/wp\/v2\/media\/7101"}],"wp:attachment":[{"href":"https:\/\/www.infraestruturameioambiente.sp.gov.br\/institutogeologico\/wp-json\/wp\/v2\/media?parent=7100"}],"wp:term":[{"taxonomy":"category","embeddable":true,"href":"https:\/\/www.infraestruturameioambiente.sp.gov.br\/institutogeologico\/wp-json\/wp\/v2\/categories?post=7100"},{"taxonomy":"post_tag","embeddable":true,"href":"https:\/\/www.infraestruturameioambiente.sp.gov.br\/institutogeologico\/wp-json\/wp\/v2\/tags?post=7100"}],"curies":[{"name":"wp","href":"https:\/\/api.w.org\/{rel}","templated":true}]}}