{"id":6998,"date":"2012-08-08T15:30:56","date_gmt":"2012-08-08T18:30:56","guid":{"rendered":"https:\/\/www.infraestruturameioambiente.sp.gov.br\/institutogeologico\/?p=6998"},"modified":"2013-03-12T11:10:30","modified_gmt":"2013-03-12T14:10:30","slug":"instituto-geologico-entrega-relatorios-de-mapeamento-de-risco-a-eventos-geodinamicos-para-tres-municipios-do-vale-do-paraiba","status":"publish","type":"post","link":"https:\/\/www.infraestruturameioambiente.sp.gov.br\/institutogeologico\/2012\/08\/instituto-geologico-entrega-relatorios-de-mapeamento-de-risco-a-eventos-geodinamicos-para-tres-municipios-do-vale-do-paraiba\/","title":{"rendered":"Instituto Geol\u00f3gico entrega relat\u00f3rios de mapeamento de risco a eventos geodin\u00e2micos para tr\u00eas munic\u00edpios do Vale do Para\u00edba"},"content":{"rendered":"<div class=\"wc-gallery\"><div id='gallery-1' data-gutter-width='5' data-columns='1' class='gallery wc-gallery-captions-onhover gallery-link-file gallery-masonry galleryid-6998 gallery-columns-1 gallery-size-thumbnail wc-gallery-bottomspace-default wc-gallery-clear'><div class='gallery-item gallery-item-position-1 gallery-item-attachment-7064'>\n\t\t\t\t<div class='gallery-icon landscape'>\n\t\t\t\t\t<a href='https:\/\/www.infraestruturameioambiente.sp.gov.br\/institutogeologico\/wp-content\/uploads\/sites\/233\/2012\/08\/8-8-12-f1.jpg' title='8-8-12-f1' target='_self'><img width=\"150\" height=\"150\" src=\"https:\/\/www.infraestruturameioambiente.sp.gov.br\/institutogeologico\/wp-content\/uploads\/sites\/233\/2012\/08\/8-8-12-f1-150x150.jpg\" class=\"attachment-thumbnail size-thumbnail\" alt=\"\" decoding=\"async\" loading=\"lazy\" \/><\/a>\n\t\t\t\t<\/div><\/div><div class='gallery-item gallery-item-position-2 gallery-item-attachment-7065'>\n\t\t\t\t<div class='gallery-icon landscape'>\n\t\t\t\t\t<a href='https:\/\/www.infraestruturameioambiente.sp.gov.br\/institutogeologico\/wp-content\/uploads\/sites\/233\/2012\/08\/8-8-12-f2.jpg' title='8-8-12-f2' target='_self'><img width=\"150\" height=\"150\" src=\"https:\/\/www.infraestruturameioambiente.sp.gov.br\/institutogeologico\/wp-content\/uploads\/sites\/233\/2012\/08\/8-8-12-f2-150x150.jpg\" class=\"attachment-thumbnail size-thumbnail\" alt=\"\" decoding=\"async\" loading=\"lazy\" \/><\/a>\n\t\t\t\t<\/div><\/div><div class='gallery-item gallery-item-position-3 gallery-item-attachment-7066'>\n\t\t\t\t<div class='gallery-icon landscape'>\n\t\t\t\t\t<a href='https:\/\/www.infraestruturameioambiente.sp.gov.br\/institutogeologico\/wp-content\/uploads\/sites\/233\/2012\/08\/8-8-12-f3.jpg' title='8-8-12-f3' target='_self'><img width=\"150\" height=\"150\" src=\"https:\/\/www.infraestruturameioambiente.sp.gov.br\/institutogeologico\/wp-content\/uploads\/sites\/233\/2012\/08\/8-8-12-f3-150x150.jpg\" class=\"attachment-thumbnail size-thumbnail\" alt=\"\" decoding=\"async\" loading=\"lazy\" \/><\/a>\n\t\t\t\t<\/div><\/div><\/div>\n<\/div>\n<p style=\"text-align: justify\">Em cerim\u00f4nia realizada em 07 de agosto de 2012, durante o Encontro de Regionais de Defesa Civil no Pal\u00e1cio dos Bandeirantes, foram entregues oficialmente os novos relat\u00f3rios de mapeamento de risco a eventos geodin\u00e2micos finalizados em 2012 dos munic\u00edpios de Guaratinguet\u00e1, Pindamonhangaba e Trememb\u00e9, localizados no Vale do Para\u00edba, S\u00e3o Paulo.<\/p>\n<p style=\"text-align: justify\">O Evento contou com a presen\u00e7a do Coronel PM Benedito Roberto Meira (Secret\u00e1rio-Chefe da Casa Militar e Coordenador Estadual de Defesa Civil) , do Dr. Rubens Rizek Jr. (Secret\u00e1rio Adjunto do Meio Ambiente do Estado de S\u00e3o Paulo), dos Prefeitos Antonio Gilberto Filippo Fernandes Junior (Guaratinguet\u00e1), Jo\u00e3o Ant\u00f4nio Salgado Ribeiro (Pindamonhangaba), e de Christian Kather (Secret\u00e1rio de Agricultura e Meio Ambiente de Trememb\u00e9). Participaram ainda o Diretor-Presidente da EMPLASA, Renato Vi\u00e9gas, o Diretor Geral do Instituto Geol\u00f3gico, Dr. Ricardo Vedovello, e os Coordenadores Regionais de Defesa Civil do Estado (REDECs).<\/p>\n<p style=\"text-align: justify\">Durante a cerim\u00f4nia a diretora do N\u00facleo de Geologia de Engenharia e Ambiental, do Instituto Geol\u00f3gico, Dra. Maria Jos\u00e9 Brollo, apresentou os resultados do trabalho e ressaltou a import\u00e2ncia do monitoramento cont\u00ednuo das \u00e1reas de riscos e de a\u00e7\u00f5es estruturais para mitiga\u00e7\u00e3o dos riscos, destacando a import\u00e2ncia do mapeamento de risco para a elabora\u00e7\u00e3o de pol\u00edticas urbanas de preven\u00e7\u00e3o de desastres e para o ordenamento da ocupa\u00e7\u00e3o territorial.<\/p>\n","protected":false},"excerpt":{"rendered":"<p>Em cerim\u00f4nia realizada em 07 de agosto de 2012, durante o Encontro de Regionais de Defesa Civil no Pal\u00e1cio dos Bandeirantes, foram entregues oficialmente os novos relat\u00f3rios de mapeamento de risco a eventos geodin\u00e2micos finalizados em 2012 dos munic\u00edpios de Guaratinguet\u00e1, Pindamonhangaba e Trememb\u00e9, localizados no Vale do Para\u00edba, S\u00e3o Paulo. O Evento contou com [&hellip;]<\/p>\n","protected":false},"author":6,"featured_media":7064,"comment_status":"open","ping_status":"open","sticky":false,"template":"","format":"standard","meta":[],"categories":[1850],"tags":[],"_links":{"self":[{"href":"https:\/\/www.infraestruturameioambiente.sp.gov.br\/institutogeologico\/wp-json\/wp\/v2\/posts\/6998"}],"collection":[{"href":"https:\/\/www.infraestruturameioambiente.sp.gov.br\/institutogeologico\/wp-json\/wp\/v2\/posts"}],"about":[{"href":"https:\/\/www.infraestruturameioambiente.sp.gov.br\/institutogeologico\/wp-json\/wp\/v2\/types\/post"}],"author":[{"embeddable":true,"href":"https:\/\/www.infraestruturameioambiente.sp.gov.br\/institutogeologico\/wp-json\/wp\/v2\/users\/6"}],"replies":[{"embeddable":true,"href":"https:\/\/www.infraestruturameioambiente.sp.gov.br\/institutogeologico\/wp-json\/wp\/v2\/comments?post=6998"}],"version-history":[{"count":4,"href":"https:\/\/www.infraestruturameioambiente.sp.gov.br\/institutogeologico\/wp-json\/wp\/v2\/posts\/6998\/revisions"}],"predecessor-version":[{"id":7000,"href":"https:\/\/www.infraestruturameioambiente.sp.gov.br\/institutogeologico\/wp-json\/wp\/v2\/posts\/6998\/revisions\/7000"}],"wp:featuredmedia":[{"embeddable":true,"href":"https:\/\/www.infraestruturameioambiente.sp.gov.br\/institutogeologico\/wp-json\/wp\/v2\/media\/7064"}],"wp:attachment":[{"href":"https:\/\/www.infraestruturameioambiente.sp.gov.br\/institutogeologico\/wp-json\/wp\/v2\/media?parent=6998"}],"wp:term":[{"taxonomy":"category","embeddable":true,"href":"https:\/\/www.infraestruturameioambiente.sp.gov.br\/institutogeologico\/wp-json\/wp\/v2\/categories?post=6998"},{"taxonomy":"post_tag","embeddable":true,"href":"https:\/\/www.infraestruturameioambiente.sp.gov.br\/institutogeologico\/wp-json\/wp\/v2\/tags?post=6998"}],"curies":[{"name":"wp","href":"https:\/\/api.w.org\/{rel}","templated":true}]}}