{"id":6991,"date":"2012-08-16T15:21:53","date_gmt":"2012-08-16T18:21:53","guid":{"rendered":"https:\/\/www.infraestruturameioambiente.sp.gov.br\/institutogeologico\/?p=6991"},"modified":"2013-03-12T11:01:52","modified_gmt":"2013-03-12T14:01:52","slug":"trilha-do-morro-do-diabo-e-reaberta-e-ganha-os-primeiros-paineis-do-projeto-monumentos-geologicos-do-estado-de-sao-paulo","status":"publish","type":"post","link":"https:\/\/www.infraestruturameioambiente.sp.gov.br\/institutogeologico\/2012\/08\/trilha-do-morro-do-diabo-e-reaberta-e-ganha-os-primeiros-paineis-do-projeto-monumentos-geologicos-do-estado-de-sao-paulo\/","title":{"rendered":"Trilha do Morro do Diabo \u00e9 reaberta e ganha os primeiros pain\u00e9is do Projeto Monumentos Geol\u00f3gicos do Estado de S\u00e3o Paulo"},"content":{"rendered":"<div class=\"wc-gallery\"><div id='gallery-1' data-gutter-width='5' data-columns='1' class='gallery wc-gallery-captions-onhover gallery-link-file gallery-masonry galleryid-6991 gallery-columns-1 gallery-size-thumbnail wc-gallery-bottomspace-default wc-gallery-clear'><div class='gallery-item gallery-item-position-1 gallery-item-attachment-7059'>\n\t\t\t\t<div class='gallery-icon landscape'>\n\t\t\t\t\t<a href='https:\/\/www.infraestruturameioambiente.sp.gov.br\/institutogeologico\/wp-content\/uploads\/sites\/233\/2012\/08\/novo-f1.jpg' title='16-8-12-f1' target='_self'><img width=\"149\" height=\"111\" src=\"https:\/\/www.infraestruturameioambiente.sp.gov.br\/institutogeologico\/wp-content\/uploads\/sites\/233\/2012\/08\/novo-f1.jpg\" class=\"attachment-thumbnail size-thumbnail\" alt=\"\" decoding=\"async\" loading=\"lazy\" srcset=\"https:\/\/www.infraestruturameioambiente.sp.gov.br\/institutogeologico\/wp-content\/uploads\/sites\/233\/2012\/08\/novo-f1.jpg 149w, https:\/\/www.infraestruturameioambiente.sp.gov.br\/institutogeologico\/wp-content\/uploads\/sites\/233\/2012\/08\/novo-f1-130x97.jpg 130w, https:\/\/www.infraestruturameioambiente.sp.gov.br\/institutogeologico\/wp-content\/uploads\/sites\/233\/2012\/08\/novo-f1-68x50.jpg 68w, https:\/\/www.infraestruturameioambiente.sp.gov.br\/institutogeologico\/wp-content\/uploads\/sites\/233\/2012\/08\/novo-f1-129x96.jpg 129w, https:\/\/www.infraestruturameioambiente.sp.gov.br\/institutogeologico\/wp-content\/uploads\/sites\/233\/2012\/08\/novo-f1-132x99.jpg 132w, https:\/\/www.infraestruturameioambiente.sp.gov.br\/institutogeologico\/wp-content\/uploads\/sites\/233\/2012\/08\/novo-f1-70x52.jpg 70w, https:\/\/www.infraestruturameioambiente.sp.gov.br\/institutogeologico\/wp-content\/uploads\/sites\/233\/2012\/08\/novo-f1-69x51.jpg 69w\" sizes=\"(max-width: 149px) 100vw, 149px\" \/><\/a>\n\t\t\t\t<\/div><\/div><div class='gallery-item gallery-item-position-2 gallery-item-attachment-7049'>\n\t\t\t\t<div class='gallery-icon landscape'>\n\t\t\t\t\t<a href='https:\/\/www.infraestruturameioambiente.sp.gov.br\/institutogeologico\/wp-content\/uploads\/sites\/233\/2012\/08\/16-8-12-f21.jpg' title='16-8-12-f2' target='_self'><img width=\"149\" height=\"111\" src=\"https:\/\/www.infraestruturameioambiente.sp.gov.br\/institutogeologico\/wp-content\/uploads\/sites\/233\/2012\/08\/16-8-12-f21.jpg\" class=\"attachment-thumbnail size-thumbnail\" alt=\"\" decoding=\"async\" loading=\"lazy\" srcset=\"https:\/\/www.infraestruturameioambiente.sp.gov.br\/institutogeologico\/wp-content\/uploads\/sites\/233\/2012\/08\/16-8-12-f21.jpg 149w, https:\/\/www.infraestruturameioambiente.sp.gov.br\/institutogeologico\/wp-content\/uploads\/sites\/233\/2012\/08\/16-8-12-f21-130x97.jpg 130w, https:\/\/www.infraestruturameioambiente.sp.gov.br\/institutogeologico\/wp-content\/uploads\/sites\/233\/2012\/08\/16-8-12-f21-68x50.jpg 68w, https:\/\/www.infraestruturameioambiente.sp.gov.br\/institutogeologico\/wp-content\/uploads\/sites\/233\/2012\/08\/16-8-12-f21-129x96.jpg 129w, https:\/\/www.infraestruturameioambiente.sp.gov.br\/institutogeologico\/wp-content\/uploads\/sites\/233\/2012\/08\/16-8-12-f21-132x99.jpg 132w, https:\/\/www.infraestruturameioambiente.sp.gov.br\/institutogeologico\/wp-content\/uploads\/sites\/233\/2012\/08\/16-8-12-f21-70x52.jpg 70w, https:\/\/www.infraestruturameioambiente.sp.gov.br\/institutogeologico\/wp-content\/uploads\/sites\/233\/2012\/08\/16-8-12-f21-69x51.jpg 69w\" sizes=\"(max-width: 149px) 100vw, 149px\" \/><\/a>\n\t\t\t\t<\/div><\/div><div class='gallery-item gallery-item-position-3 gallery-item-attachment-7051'>\n\t\t\t\t<div class='gallery-icon landscape'>\n\t\t\t\t\t<a href='https:\/\/www.infraestruturameioambiente.sp.gov.br\/institutogeologico\/wp-content\/uploads\/sites\/233\/2012\/08\/16-8-12-f3.jpg' title='16-8-12-f3' target='_self'><img width=\"149\" height=\"111\" src=\"https:\/\/www.infraestruturameioambiente.sp.gov.br\/institutogeologico\/wp-content\/uploads\/sites\/233\/2012\/08\/16-8-12-f3.jpg\" class=\"attachment-thumbnail size-thumbnail\" alt=\"\" decoding=\"async\" loading=\"lazy\" srcset=\"https:\/\/www.infraestruturameioambiente.sp.gov.br\/institutogeologico\/wp-content\/uploads\/sites\/233\/2012\/08\/16-8-12-f3.jpg 149w, https:\/\/www.infraestruturameioambiente.sp.gov.br\/institutogeologico\/wp-content\/uploads\/sites\/233\/2012\/08\/16-8-12-f3-130x97.jpg 130w, https:\/\/www.infraestruturameioambiente.sp.gov.br\/institutogeologico\/wp-content\/uploads\/sites\/233\/2012\/08\/16-8-12-f3-68x50.jpg 68w, https:\/\/www.infraestruturameioambiente.sp.gov.br\/institutogeologico\/wp-content\/uploads\/sites\/233\/2012\/08\/16-8-12-f3-129x96.jpg 129w, https:\/\/www.infraestruturameioambiente.sp.gov.br\/institutogeologico\/wp-content\/uploads\/sites\/233\/2012\/08\/16-8-12-f3-132x99.jpg 132w, https:\/\/www.infraestruturameioambiente.sp.gov.br\/institutogeologico\/wp-content\/uploads\/sites\/233\/2012\/08\/16-8-12-f3-70x52.jpg 70w, https:\/\/www.infraestruturameioambiente.sp.gov.br\/institutogeologico\/wp-content\/uploads\/sites\/233\/2012\/08\/16-8-12-f3-69x51.jpg 69w\" sizes=\"(max-width: 149px) 100vw, 149px\" \/><\/a>\n\t\t\t\t<\/div><\/div><\/div>\n<\/div>\n<p style=\"text-align: justify\">No dia 10 de agosto de 2012, t\u00e9cnicos do Instituto Geol\u00f3gico (IG) estiveram presentes durante a solenidade de reabertura da trilha do Morro do Diabo, situada no Parque Estadual Morro do Diabo (PEMD), no munic\u00edpio de Teodoro Sampaio (SP). A forma\u00e7\u00e3o geol\u00f3gica e geomorfol\u00f3gica \u00e9 a maior atra\u00e7\u00e3o tur\u00edstica da cidade e um dos principais atrativos do Pontal do Paranapanema.<\/p>\n<p style=\"text-align: justify\">Participaram da cerim\u00f4nia de reabertura o secret\u00e1rio estadual do Meio Ambiente, Bruno Covas, o diretor executivo da Funda\u00e7\u00e3o Florestal (FF), Olavo Reino Francisco, os gestores do PEMD, Andr\u00e9a Soares Pires e Helder Henrique de Faria e autoridades locais. O Instituto Geol\u00f3gico foi representado pelos servidores Diego Grola, M\u00e1rcio F\u00e9lix e Rafael Galdino.<\/p>\n<p style=\"text-align: justify\">Como parte do projeto Trilhas de S\u00e3o Paulo, da Secretaria do Meio Ambiente, o percurso de 1,2 mil metros que leva ao cume do morro foi reestruturado e ganhou um conjunto de novos pain\u00e9is interpretativos. O IG, por meio dos n\u00facleos de Monumentos Geol\u00f3gicos, Geologia Geral, Geomorfologia e Publica\u00e7\u00f5es e Recursos Audiovisuais, desenvolveu dois pain\u00e9is que explicam aspectos da geologia e geomorfologia do Morro do Diabo. Um desses pain\u00e9is \u2013 que s\u00e3o os primeiros implantados pelo Projeto Monumentos Geol\u00f3gicos do Estado de S\u00e3o Paulo \u2013 foi desenvolvido com aux\u00edlio do Professor Luiz Alberto Fernandes, da Universidade Federal do Paran\u00e1. A implanta\u00e7\u00e3o dos pain\u00e9is foi feita em parceria com a Funda\u00e7\u00e3o Florestal e com os gestores do PEMD.<\/p>\n<p style=\"text-align: justify\">O Projeto Monumentos Geol\u00f3gicos, desenvolvido pelo N\u00facleo de Monumentos Geol\u00f3gicos do IG, realiza a\u00e7\u00f5es de caracteriza\u00e7\u00e3o, conserva\u00e7\u00e3o e divulga\u00e7\u00e3o dos s\u00edtios geol\u00f3gicos presentes no Estado de S\u00e3o Paulo.<\/p>\n","protected":false},"excerpt":{"rendered":"<p>No dia 10 de agosto de 2012, t\u00e9cnicos do Instituto Geol\u00f3gico (IG) estiveram presentes durante a solenidade de reabertura da trilha do Morro do Diabo, situada no Parque Estadual Morro do Diabo (PEMD), no munic\u00edpio de Teodoro Sampaio (SP). A forma\u00e7\u00e3o geol\u00f3gica e geomorfol\u00f3gica \u00e9 a maior atra\u00e7\u00e3o tur\u00edstica da cidade e um dos principais [&hellip;]<\/p>\n","protected":false},"author":6,"featured_media":7059,"comment_status":"open","ping_status":"open","sticky":false,"template":"","format":"standard","meta":[],"categories":[1850],"tags":[],"_links":{"self":[{"href":"https:\/\/www.infraestruturameioambiente.sp.gov.br\/institutogeologico\/wp-json\/wp\/v2\/posts\/6991"}],"collection":[{"href":"https:\/\/www.infraestruturameioambiente.sp.gov.br\/institutogeologico\/wp-json\/wp\/v2\/posts"}],"about":[{"href":"https:\/\/www.infraestruturameioambiente.sp.gov.br\/institutogeologico\/wp-json\/wp\/v2\/types\/post"}],"author":[{"embeddable":true,"href":"https:\/\/www.infraestruturameioambiente.sp.gov.br\/institutogeologico\/wp-json\/wp\/v2\/users\/6"}],"replies":[{"embeddable":true,"href":"https:\/\/www.infraestruturameioambiente.sp.gov.br\/institutogeologico\/wp-json\/wp\/v2\/comments?post=6991"}],"version-history":[{"count":12,"href":"https:\/\/www.infraestruturameioambiente.sp.gov.br\/institutogeologico\/wp-json\/wp\/v2\/posts\/6991\/revisions"}],"predecessor-version":[{"id":7901,"href":"https:\/\/www.infraestruturameioambiente.sp.gov.br\/institutogeologico\/wp-json\/wp\/v2\/posts\/6991\/revisions\/7901"}],"wp:featuredmedia":[{"embeddable":true,"href":"https:\/\/www.infraestruturameioambiente.sp.gov.br\/institutogeologico\/wp-json\/wp\/v2\/media\/7059"}],"wp:attachment":[{"href":"https:\/\/www.infraestruturameioambiente.sp.gov.br\/institutogeologico\/wp-json\/wp\/v2\/media?parent=6991"}],"wp:term":[{"taxonomy":"category","embeddable":true,"href":"https:\/\/www.infraestruturameioambiente.sp.gov.br\/institutogeologico\/wp-json\/wp\/v2\/categories?post=6991"},{"taxonomy":"post_tag","embeddable":true,"href":"https:\/\/www.infraestruturameioambiente.sp.gov.br\/institutogeologico\/wp-json\/wp\/v2\/tags?post=6991"}],"curies":[{"name":"wp","href":"https:\/\/api.w.org\/{rel}","templated":true}]}}