{"id":6981,"date":"2012-08-27T14:56:46","date_gmt":"2012-08-27T17:56:46","guid":{"rendered":"https:\/\/www.infraestruturameioambiente.sp.gov.br\/institutogeologico\/?p=6981"},"modified":"2013-03-12T10:54:31","modified_gmt":"2013-03-12T13:54:31","slug":"instituto-geologico-recebe-visita-de-grupo-de-alunos-da-fundacao-santo-andre","status":"publish","type":"post","link":"https:\/\/www.infraestruturameioambiente.sp.gov.br\/institutogeologico\/2012\/08\/instituto-geologico-recebe-visita-de-grupo-de-alunos-da-fundacao-santo-andre\/","title":{"rendered":"Instituto Geol\u00f3gico recebe visita de grupo de alunos da Funda\u00e7\u00e3o Santo Andr\u00e9"},"content":{"rendered":"<div class=\"wc-gallery\"><div id='gallery-1' data-gutter-width='5' data-columns='1' class='gallery wc-gallery-captions-onhover gallery-link-file gallery-masonry galleryid-6981 gallery-columns-1 gallery-size-thumbnail wc-gallery-bottomspace-default wc-gallery-clear'><div class='gallery-item gallery-item-position-1 gallery-item-attachment-7036'>\n\t\t\t\t<div class='gallery-icon landscape'>\n\t\t\t\t\t<a href='https:\/\/www.infraestruturameioambiente.sp.gov.br\/institutogeologico\/wp-content\/uploads\/sites\/233\/2012\/08\/27-8-12-f1.jpg' title='27-8-12-f1' target='_self'><img width=\"150\" height=\"150\" src=\"https:\/\/www.infraestruturameioambiente.sp.gov.br\/institutogeologico\/wp-content\/uploads\/sites\/233\/2012\/08\/27-8-12-f1-150x150.jpg\" class=\"attachment-thumbnail size-thumbnail\" alt=\"\" decoding=\"async\" loading=\"lazy\" \/><\/a>\n\t\t\t\t<\/div><\/div><div class='gallery-item gallery-item-position-2 gallery-item-attachment-7037'>\n\t\t\t\t<div class='gallery-icon landscape'>\n\t\t\t\t\t<a href='https:\/\/www.infraestruturameioambiente.sp.gov.br\/institutogeologico\/wp-content\/uploads\/sites\/233\/2012\/08\/27-8-12-f2.jpg' title='27-8-12-f2' target='_self'><img width=\"150\" height=\"150\" src=\"https:\/\/www.infraestruturameioambiente.sp.gov.br\/institutogeologico\/wp-content\/uploads\/sites\/233\/2012\/08\/27-8-12-f2-150x150.jpg\" class=\"attachment-thumbnail size-thumbnail\" alt=\"\" decoding=\"async\" loading=\"lazy\" \/><\/a>\n\t\t\t\t<\/div><\/div><div class='gallery-item gallery-item-position-3 gallery-item-attachment-7038'>\n\t\t\t\t<div class='gallery-icon landscape'>\n\t\t\t\t\t<a href='https:\/\/www.infraestruturameioambiente.sp.gov.br\/institutogeologico\/wp-content\/uploads\/sites\/233\/2012\/08\/27-8-12-f3.jpg' title='27-8-12-f3' target='_self'><img width=\"150\" height=\"150\" src=\"https:\/\/www.infraestruturameioambiente.sp.gov.br\/institutogeologico\/wp-content\/uploads\/sites\/233\/2012\/08\/27-8-12-f3-150x150.jpg\" class=\"attachment-thumbnail size-thumbnail\" alt=\"\" decoding=\"async\" loading=\"lazy\" \/><\/a>\n\t\t\t\t<\/div><\/div><\/div>\n<\/div>\n<p>No dia 23 de agosto de 2012 um grupo de alunos do 1\u00ba e 2\u00ba ano do curso de gradua\u00e7\u00e3o em Geografia do Centro Universit\u00e1rio Funda\u00e7\u00e3o Santo Andr\u00e9 (CUFSA), acompanhados da docente Maria da Gl\u00f3ria da Silva Castro e Fabiana Souza, visitaram o Instituto Geol\u00f3gico (IG).<\/p>\n<p style=\"text-align: justify\">Durante a visita assistiram a palestras e conheceram as depend\u00eancias do Instituto. A visita do grupo foi coordenada pela pesquisadora Mirian Ramos Gutjahr, e foi iniciada pela Biblioteca Zen\u00f3bia de Moraes Bastos, que conta com um acervo especializado em Geoci\u00eancias com cerca de 120.000 t\u00edtulos de livros e a mapoteca com mais de 10.000 mapas. Os alunos tiveram a oportunidade de visitar tamb\u00e9m o Laborat\u00f3rio de An\u00e1lises Geol\u00f3gicas e conhecer os procedimentos de prepara\u00e7\u00e3o de amostras de sedimentos e realiza\u00e7\u00e3o de ensaios.<\/p>\n<p>\u00a0<span style=\"text-align: justify\">No Audit\u00f3rio Theodoro Knecht assistiram ao v\u00eddeo institucional e ouviram palestra proferida pelo pesquisador Gustavo Armani sobre projetos em desenvolvimento na \u00e1rea de climatologia e sobre o campo de atua\u00e7\u00e3o do profissional formado.<\/span><\/p>\n<p style=\"text-align: justify\">A pesquisadora Mirian Ramos Gutjahr apresentou o Banco de Dados de Eventos Clim\u00e1ticos na Baixada Santista e a realiza\u00e7\u00e3o de consultas as informa\u00e7\u00f5es do banco de dados pela p\u00e1gina do instituto. O pesquisador Rog\u00e9rio Rodrigues Ribeiro apresentou o programa de Monumentos Geol\u00f3gicos do Estado de S\u00e3o Paulo e falou da import\u00e2ncia do conhecimento geogr\u00e1fico na gest\u00e3o do patrim\u00f4nio natural. Ap\u00f3s a visita os alunos receberam publica\u00e7\u00f5es e material de divulga\u00e7\u00e3o do Instituto Geol\u00f3gico.<\/p>\n","protected":false},"excerpt":{"rendered":"<p>No dia 23 de agosto de 2012 um grupo de alunos do 1\u00ba e 2\u00ba ano do curso de gradua\u00e7\u00e3o em Geografia do Centro Universit\u00e1rio Funda\u00e7\u00e3o Santo Andr\u00e9 (CUFSA), acompanhados da docente Maria da Gl\u00f3ria da Silva Castro e Fabiana Souza, visitaram o Instituto Geol\u00f3gico (IG). Durante a visita assistiram a palestras e conheceram as [&hellip;]<\/p>\n","protected":false},"author":6,"featured_media":7036,"comment_status":"open","ping_status":"open","sticky":false,"template":"","format":"standard","meta":[],"categories":[1850],"tags":[],"_links":{"self":[{"href":"https:\/\/www.infraestruturameioambiente.sp.gov.br\/institutogeologico\/wp-json\/wp\/v2\/posts\/6981"}],"collection":[{"href":"https:\/\/www.infraestruturameioambiente.sp.gov.br\/institutogeologico\/wp-json\/wp\/v2\/posts"}],"about":[{"href":"https:\/\/www.infraestruturameioambiente.sp.gov.br\/institutogeologico\/wp-json\/wp\/v2\/types\/post"}],"author":[{"embeddable":true,"href":"https:\/\/www.infraestruturameioambiente.sp.gov.br\/institutogeologico\/wp-json\/wp\/v2\/users\/6"}],"replies":[{"embeddable":true,"href":"https:\/\/www.infraestruturameioambiente.sp.gov.br\/institutogeologico\/wp-json\/wp\/v2\/comments?post=6981"}],"version-history":[{"count":5,"href":"https:\/\/www.infraestruturameioambiente.sp.gov.br\/institutogeologico\/wp-json\/wp\/v2\/posts\/6981\/revisions"}],"predecessor-version":[{"id":6983,"href":"https:\/\/www.infraestruturameioambiente.sp.gov.br\/institutogeologico\/wp-json\/wp\/v2\/posts\/6981\/revisions\/6983"}],"wp:featuredmedia":[{"embeddable":true,"href":"https:\/\/www.infraestruturameioambiente.sp.gov.br\/institutogeologico\/wp-json\/wp\/v2\/media\/7036"}],"wp:attachment":[{"href":"https:\/\/www.infraestruturameioambiente.sp.gov.br\/institutogeologico\/wp-json\/wp\/v2\/media?parent=6981"}],"wp:term":[{"taxonomy":"category","embeddable":true,"href":"https:\/\/www.infraestruturameioambiente.sp.gov.br\/institutogeologico\/wp-json\/wp\/v2\/categories?post=6981"},{"taxonomy":"post_tag","embeddable":true,"href":"https:\/\/www.infraestruturameioambiente.sp.gov.br\/institutogeologico\/wp-json\/wp\/v2\/tags?post=6981"}],"curies":[{"name":"wp","href":"https:\/\/api.w.org\/{rel}","templated":true}]}}