{"id":6953,"date":"2012-09-14T10:41:20","date_gmt":"2012-09-14T13:41:20","guid":{"rendered":"https:\/\/www.infraestruturameioambiente.sp.gov.br\/institutogeologico\/?p=6953"},"modified":"2013-03-12T10:00:13","modified_gmt":"2013-03-12T13:00:13","slug":"instituto-geologico-no-x-dialogo-interbacias-de-educacao-ambiental-em-recursos-hidricos","status":"publish","type":"post","link":"https:\/\/www.infraestruturameioambiente.sp.gov.br\/institutogeologico\/2012\/09\/instituto-geologico-no-x-dialogo-interbacias-de-educacao-ambiental-em-recursos-hidricos\/","title":{"rendered":"Instituto Geol\u00f3gico no X Di\u00e1logo Interbacias de Educa\u00e7\u00e3o Ambiental em Recursos H\u00eddricos"},"content":{"rendered":"<div class=\"wc-gallery\"><div id='gallery-1' data-gutter-width='5' data-columns='1' class='gallery wc-gallery-captions-onhover gallery-link-file gallery-masonry galleryid-6953 gallery-columns-1 gallery-size-thumbnail wc-gallery-bottomspace-default wc-gallery-clear'><div class='gallery-item gallery-item-position-1 gallery-item-attachment-7166'>\n\t\t\t\t<div class='gallery-icon landscape'>\n\t\t\t\t\t<a href='https:\/\/www.infraestruturameioambiente.sp.gov.br\/institutogeologico\/wp-content\/uploads\/sites\/233\/2012\/09\/DSC08805.jpg-new-600x600.jpg' title='DSC08805.jpg new' target='_self'><img width=\"150\" height=\"150\" src=\"https:\/\/www.infraestruturameioambiente.sp.gov.br\/institutogeologico\/wp-content\/uploads\/sites\/233\/2012\/09\/DSC08805.jpg-new-150x150.jpg\" class=\"attachment-thumbnail size-thumbnail\" alt=\"\" decoding=\"async\" loading=\"lazy\" srcset=\"https:\/\/www.infraestruturameioambiente.sp.gov.br\/institutogeologico\/wp-content\/uploads\/sites\/233\/2012\/09\/DSC08805.jpg-new-150x150.jpg 150w, https:\/\/www.infraestruturameioambiente.sp.gov.br\/institutogeologico\/wp-content\/uploads\/sites\/233\/2012\/09\/DSC08805.jpg-new-600x600.jpg 600w\" sizes=\"(max-width: 150px) 100vw, 150px\" \/><\/a>\n\t\t\t\t<\/div><\/div><div class='gallery-item gallery-item-position-2 gallery-item-attachment-7168'>\n\t\t\t\t<div class='gallery-icon landscape'>\n\t\t\t\t\t<a href='https:\/\/www.infraestruturameioambiente.sp.gov.br\/institutogeologico\/wp-content\/uploads\/sites\/233\/2012\/09\/DSC08671.jpg-new-600x600.jpg' title='DSC08671.jpg new' target='_self'><img width=\"150\" height=\"150\" src=\"https:\/\/www.infraestruturameioambiente.sp.gov.br\/institutogeologico\/wp-content\/uploads\/sites\/233\/2012\/09\/DSC08671.jpg-new-150x150.jpg\" class=\"attachment-thumbnail size-thumbnail\" alt=\"\" decoding=\"async\" loading=\"lazy\" srcset=\"https:\/\/www.infraestruturameioambiente.sp.gov.br\/institutogeologico\/wp-content\/uploads\/sites\/233\/2012\/09\/DSC08671.jpg-new-150x150.jpg 150w, https:\/\/www.infraestruturameioambiente.sp.gov.br\/institutogeologico\/wp-content\/uploads\/sites\/233\/2012\/09\/DSC08671.jpg-new-600x600.jpg 600w\" sizes=\"(max-width: 150px) 100vw, 150px\" \/><\/a>\n\t\t\t\t<\/div><\/div><\/div>\n<\/div>\n<p style=\"text-align: justify\">O Instituto Geol\u00f3gico (IG) esteve presente com estande de divulga\u00e7\u00e3o cient\u00edfica no X Di\u00e1logo Interbacias de Educa\u00e7\u00e3o Ambiental em Recursos H\u00eddricos, que aconteceu entre os dias 10 a 13 de setembro de 2012, na cidade de S\u00e3o Pedro-SP.<\/p>\n<p style=\"text-align: justify\">O Di\u00e1logo Interbacias \u00e9 um Projeto de Educa\u00e7\u00e3o Ambiental, cont\u00ednuo e permanente de integra\u00e7\u00e3o de a\u00e7\u00f5es educativas dos 21 Comit\u00eas das Bacias Hidrogr\u00e1ficas que proporciona entre outros fatores a constru\u00e7\u00e3o de valores e a aquisi\u00e7\u00e3o de conhecimentos, atitudes e habilidades voltadas para a participa\u00e7\u00e3o respons\u00e1vel na Gest\u00e3o das \u00c1guas, com objetivo de discutir e avaliar os resultados da educa\u00e7\u00e3o ambiental e a gest\u00e3o dos recursos h\u00eddricos no Estado de S\u00e3o Paulo.<\/p>\n<p style=\"text-align: justify\">O IG possui uma pol\u00edtica de fomentar a divulga\u00e7\u00e3o do conhecimento das geoci\u00eancias, por meio da publica\u00e7\u00e3o de resultados de pesquisas cient\u00edficas e atividades t\u00e9cnicas, despertou interesse dos membros dos Comit\u00eas de Bacias Hidrogr\u00e1ficas, prefeitos municipais, vereadores, educadores, t\u00e9cnicos de \u00f3rg\u00e3os p\u00fablicos e privados, ambientalistas e da sociedade civil em geral.<\/p>\n","protected":false},"excerpt":{"rendered":"<p>O Instituto Geol\u00f3gico (IG) esteve presente com estande de divulga\u00e7\u00e3o cient\u00edfica no X Di\u00e1logo Interbacias de Educa\u00e7\u00e3o Ambiental em Recursos H\u00eddricos, que aconteceu entre os dias 10 a 13 de setembro de 2012, na cidade de S\u00e3o Pedro-SP. O Di\u00e1logo Interbacias \u00e9 um Projeto de Educa\u00e7\u00e3o Ambiental, cont\u00ednuo e permanente de integra\u00e7\u00e3o de a\u00e7\u00f5es educativas [&hellip;]<\/p>\n","protected":false},"author":6,"featured_media":7166,"comment_status":"open","ping_status":"open","sticky":false,"template":"","format":"standard","meta":[],"categories":[1850],"tags":[],"_links":{"self":[{"href":"https:\/\/www.infraestruturameioambiente.sp.gov.br\/institutogeologico\/wp-json\/wp\/v2\/posts\/6953"}],"collection":[{"href":"https:\/\/www.infraestruturameioambiente.sp.gov.br\/institutogeologico\/wp-json\/wp\/v2\/posts"}],"about":[{"href":"https:\/\/www.infraestruturameioambiente.sp.gov.br\/institutogeologico\/wp-json\/wp\/v2\/types\/post"}],"author":[{"embeddable":true,"href":"https:\/\/www.infraestruturameioambiente.sp.gov.br\/institutogeologico\/wp-json\/wp\/v2\/users\/6"}],"replies":[{"embeddable":true,"href":"https:\/\/www.infraestruturameioambiente.sp.gov.br\/institutogeologico\/wp-json\/wp\/v2\/comments?post=6953"}],"version-history":[{"count":9,"href":"https:\/\/www.infraestruturameioambiente.sp.gov.br\/institutogeologico\/wp-json\/wp\/v2\/posts\/6953\/revisions"}],"predecessor-version":[{"id":7025,"href":"https:\/\/www.infraestruturameioambiente.sp.gov.br\/institutogeologico\/wp-json\/wp\/v2\/posts\/6953\/revisions\/7025"}],"wp:featuredmedia":[{"embeddable":true,"href":"https:\/\/www.infraestruturameioambiente.sp.gov.br\/institutogeologico\/wp-json\/wp\/v2\/media\/7166"}],"wp:attachment":[{"href":"https:\/\/www.infraestruturameioambiente.sp.gov.br\/institutogeologico\/wp-json\/wp\/v2\/media?parent=6953"}],"wp:term":[{"taxonomy":"category","embeddable":true,"href":"https:\/\/www.infraestruturameioambiente.sp.gov.br\/institutogeologico\/wp-json\/wp\/v2\/categories?post=6953"},{"taxonomy":"post_tag","embeddable":true,"href":"https:\/\/www.infraestruturameioambiente.sp.gov.br\/institutogeologico\/wp-json\/wp\/v2\/tags?post=6953"}],"curies":[{"name":"wp","href":"https:\/\/api.w.org\/{rel}","templated":true}]}}