{"id":6946,"date":"2012-09-24T10:33:06","date_gmt":"2012-09-24T13:33:06","guid":{"rendered":"https:\/\/www.infraestruturameioambiente.sp.gov.br\/institutogeologico\/?p=6946"},"modified":"2013-03-07T09:35:54","modified_gmt":"2013-03-07T12:35:54","slug":"no-dia-21-e-22-de-setembro-de-2012-os-pesquisadores-lidia-keiko-tominaga-e-rogerio-rodrigues-ribeiro-acompanhados-dos-tecnicos-de-apoio-daniel-r-de-franca-e-valentim-o-dos-santos-filho-participaram","status":"publish","type":"post","link":"https:\/\/www.infraestruturameioambiente.sp.gov.br\/institutogeologico\/2012\/09\/no-dia-21-e-22-de-setembro-de-2012-os-pesquisadores-lidia-keiko-tominaga-e-rogerio-rodrigues-ribeiro-acompanhados-dos-tecnicos-de-apoio-daniel-r-de-franca-e-valentim-o-dos-santos-filho-participaram\/","title":{"rendered":"Curso \u201cPROTE\u00c7\u00c3O DAS \u00c1GUAS SUBTERR\u00c2NEAS NO ESTADO DE S\u00c3O PAULO\u201d ser\u00e1 realizado em Presidente Prudente"},"content":{"rendered":"<p><a href=\"https:\/\/www.infraestruturameioambiente.sp.gov.br\/wp-content\/uploads\/sites\/233\/2012\/09\/aguas-subterraneas.jpg\"><img decoding=\"async\" loading=\"lazy\" class=\"aligncenter size-medium wp-image-7170\" src=\"https:\/\/www.infraestruturameioambiente.sp.gov.br\/wp-content\/uploads\/sites\/233\/2012\/09\/aguas-subterraneas-300x120.jpg\" alt=\"\" width=\"300\" height=\"120\" srcset=\"https:\/\/www.infraestruturameioambiente.sp.gov.br\/institutogeologico\/wp-content\/uploads\/sites\/233\/2012\/09\/aguas-subterraneas-300x120.jpg 300w, https:\/\/www.infraestruturameioambiente.sp.gov.br\/institutogeologico\/wp-content\/uploads\/sites\/233\/2012\/09\/aguas-subterraneas-611x246.jpg 611w, https:\/\/www.infraestruturameioambiente.sp.gov.br\/institutogeologico\/wp-content\/uploads\/sites\/233\/2012\/09\/aguas-subterraneas-260x104.jpg 260w, https:\/\/www.infraestruturameioambiente.sp.gov.br\/institutogeologico\/wp-content\/uploads\/sites\/233\/2012\/09\/aguas-subterraneas-240x97.jpg 240w, https:\/\/www.infraestruturameioambiente.sp.gov.br\/institutogeologico\/wp-content\/uploads\/sites\/233\/2012\/09\/aguas-subterraneas-68x27.jpg 68w, https:\/\/www.infraestruturameioambiente.sp.gov.br\/institutogeologico\/wp-content\/uploads\/sites\/233\/2012\/09\/aguas-subterraneas-129x52.jpg 129w, https:\/\/www.infraestruturameioambiente.sp.gov.br\/institutogeologico\/wp-content\/uploads\/sites\/233\/2012\/09\/aguas-subterraneas-245x99.jpg 245w, https:\/\/www.infraestruturameioambiente.sp.gov.br\/institutogeologico\/wp-content\/uploads\/sites\/233\/2012\/09\/aguas-subterraneas-70x28.jpg 70w, https:\/\/www.infraestruturameioambiente.sp.gov.br\/institutogeologico\/wp-content\/uploads\/sites\/233\/2012\/09\/aguas-subterraneas-330x133.jpg 330w, https:\/\/www.infraestruturameioambiente.sp.gov.br\/institutogeologico\/wp-content\/uploads\/sites\/233\/2012\/09\/aguas-subterraneas-69x27.jpg 69w, https:\/\/www.infraestruturameioambiente.sp.gov.br\/institutogeologico\/wp-content\/uploads\/sites\/233\/2012\/09\/aguas-subterraneas.jpg 620w\" sizes=\"(max-width: 300px) 100vw, 300px\" \/><\/a>O Curso \u201cProte\u00e7\u00e3o das \u00c1guas Subterr\u00e2neas no Estado De S\u00e3o Paulo\u201d, organizado pela CETESB e pelo IG ser\u00e1 realizado em Presidente Prudente nos dias 09 e 10 de outubro de 2012.<\/p>\n<p>O objetivo do curso \u00e9 disseminar a import\u00e2ncia dos per\u00edmetros de alerta de po\u00e7os de abastecimento para proteger a qualidade da \u00e1gua captada, vulnerabilidade \u00e0 polui\u00e7\u00e3o e instrumentos legais de prote\u00e7\u00e3o de aqu\u00edferos.<\/p>\n<p>O curso \u00e9 voltado para profissionais que atuam na \u00e1rea p\u00fablica (municipal, estadual e federal), em concession\u00e1rias de \u00e1gua e nos comit\u00eas de bacias.<\/p>\n<p>Local: Anfiteatro 1 da UNESP &#8211; Universidade Estadual Paulista. Rua Roberto Simonsen, 305 Presidente Prudente<br \/>\nData: 09 e 10 de outubro de 2012<br \/>\nHor\u00e1rio: 8h30 \u00e0s 17h30<br \/>\nCarga hor\u00e1ria: 16 horas<br \/>\nN\u00famero de vagas: 80<\/p>\n<p>Programa:<\/p>\n<p>Dia 09\/10\/2012<br \/>\nAula 1 &#8211; Caracter\u00edsticas gerais das \u00e1guas subterr\u00e2neas no Estado de S\u00e3o Paulo &#8211; Claudia Varnier \u2013 Instituto Geol\u00f3gico<br \/>\nAula 2 \u2013 Vulnerabilidade de aqu\u00edferos \u00e0 polui\u00e7\u00e3o e per\u00edmetros de prote\u00e7\u00e3o de po\u00e7os &#8211; Claudia Varnier \u2013 Instituto Geol\u00f3gico<br \/>\nDia 10\/10\/2012<br \/>\nAula 3 \u2013 Fontes de Polui\u00e7\u00e3o e padr\u00f5es de qualidade dos solos e \u00e1guas subterr\u00e2neas &#8211; Mara Magalh\u00e3es Gaeta Lemos \u2013 CETESB<br \/>\nAula 4 \u2013 Uso do solo e compet\u00eancia municipal &#8211; Marco Ant\u00f4nio Gomes \u2013 SMA\/CPLA<\/p>\n<p>Inscri\u00e7\u00f5es at\u00e9 04\/10\/12, por e-mail a treinamento@cetesbnet.sp.gov.br contendo: nome, entidade, endere\u00e7o, e-mail e telefone do participante.<\/p>\n<p>Outras informa\u00e7\u00f5es: CETESB &#8211; Setor de Desenvolvimento e Pesquisa &#8211; ETGD, tel (11) 3133-3606 ou 3658<\/p>\n<p>Realiza\u00e7\u00e3o no \u00e2mbito do Projeto Aqu\u00edferos:<br \/>\nGoverno do Estado de S\u00e3o Paulo<br \/>\nSecretaria de Estado do Meio Ambiente- SMA<br \/>\nInstituto Geol\u00f3gico &#8211; IG<br \/>\nCompanhia Ambiental do Estado de S\u00e3o Paulo \u2013 CETESB<\/p>\n<p>Apoio:<br \/>\nUNESP &#8211; Presidente Prudente<br \/>\nCBH- PP<br \/>\nHIDRAUPO\u00c7OS<br \/>\nDAEE &#8211; Presidente Prudente<br \/>\nSABESP &#8211; Presidente Prudente<\/p>\n","protected":false},"excerpt":{"rendered":"<p>O Curso \u201cProte\u00e7\u00e3o das \u00c1guas Subterr\u00e2neas no Estado De S\u00e3o Paulo\u201d, organizado pela CETESB e pelo IG ser\u00e1 realizado em Presidente Prudente nos dias 09 e 10 de outubro de 2012. O objetivo do curso \u00e9 disseminar a import\u00e2ncia dos per\u00edmetros de alerta de po\u00e7os de abastecimento para proteger a qualidade da \u00e1gua captada, vulnerabilidade [&hellip;]<\/p>\n","protected":false},"author":6,"featured_media":7170,"comment_status":"open","ping_status":"open","sticky":false,"template":"","format":"standard","meta":[],"categories":[1850],"tags":[],"_links":{"self":[{"href":"https:\/\/www.infraestruturameioambiente.sp.gov.br\/institutogeologico\/wp-json\/wp\/v2\/posts\/6946"}],"collection":[{"href":"https:\/\/www.infraestruturameioambiente.sp.gov.br\/institutogeologico\/wp-json\/wp\/v2\/posts"}],"about":[{"href":"https:\/\/www.infraestruturameioambiente.sp.gov.br\/institutogeologico\/wp-json\/wp\/v2\/types\/post"}],"author":[{"embeddable":true,"href":"https:\/\/www.infraestruturameioambiente.sp.gov.br\/institutogeologico\/wp-json\/wp\/v2\/users\/6"}],"replies":[{"embeddable":true,"href":"https:\/\/www.infraestruturameioambiente.sp.gov.br\/institutogeologico\/wp-json\/wp\/v2\/comments?post=6946"}],"version-history":[{"count":9,"href":"https:\/\/www.infraestruturameioambiente.sp.gov.br\/institutogeologico\/wp-json\/wp\/v2\/posts\/6946\/revisions"}],"predecessor-version":[{"id":6949,"href":"https:\/\/www.infraestruturameioambiente.sp.gov.br\/institutogeologico\/wp-json\/wp\/v2\/posts\/6946\/revisions\/6949"}],"wp:featuredmedia":[{"embeddable":true,"href":"https:\/\/www.infraestruturameioambiente.sp.gov.br\/institutogeologico\/wp-json\/wp\/v2\/media\/7170"}],"wp:attachment":[{"href":"https:\/\/www.infraestruturameioambiente.sp.gov.br\/institutogeologico\/wp-json\/wp\/v2\/media?parent=6946"}],"wp:term":[{"taxonomy":"category","embeddable":true,"href":"https:\/\/www.infraestruturameioambiente.sp.gov.br\/institutogeologico\/wp-json\/wp\/v2\/categories?post=6946"},{"taxonomy":"post_tag","embeddable":true,"href":"https:\/\/www.infraestruturameioambiente.sp.gov.br\/institutogeologico\/wp-json\/wp\/v2\/tags?post=6946"}],"curies":[{"name":"wp","href":"https:\/\/api.w.org\/{rel}","templated":true}]}}