{"id":6821,"date":"2004-08-13T00:00:00","date_gmt":"2004-08-13T03:00:00","guid":{"rendered":"https:\/\/www.infraestruturameioambiente.sp.gov.br\/institutogeologico\/automatico\/workshop-discute-diretrizes-para-a-regeneracao-socio-ambiental-de-areas-degradadas-por-mineracao-de-saibro-caixas-de-emprestimo-em-ubatuba\/"},"modified":"2013-03-13T14:51:02","modified_gmt":"2013-03-13T17:51:02","slug":"workshop-discute-diretrizes-para-a-regeneracao-socio-ambiental-de-areas-degradadas-por-mineracao-de-saibro-caixas-de-emprestimo-em-ubatuba","status":"publish","type":"post","link":"https:\/\/www.infraestruturameioambiente.sp.gov.br\/institutogeologico\/2004\/08\/workshop-discute-diretrizes-para-a-regeneracao-socio-ambiental-de-areas-degradadas-por-mineracao-de-saibro-caixas-de-emprestimo-em-ubatuba\/","title":{"rendered":"Workshop discute diretrizes para a regenera\u00e7\u00e3o s\u00f3cio-ambiental de \u00e1reas degradadas por minera\u00e7\u00e3o de saibro (caixas de empr\u00e9stimo) em Ubatuba"},"content":{"rendered":"<p><a title=\"Foto: Fabi\u00e1n Alberto P\u00e9rez\" href=\"https:\/\/smastr16.blob.core.windows.net\/igeo\/noticias\/igeologico\/fotos\/8_13_NEYF.jpg\"><img decoding=\"async\" loading=\"lazy\" class=\"attachment-thumbnail alignleft\" src=\"https:\/\/smastr16.blob.core.windows.net\/igeo\/noticias\/igeologico\/fotos\/8_13_NEYF.jpg\" alt=\"Foto: Fabi\u00e1n Alberto P\u00e9rez\" width=\"150\" height=\"97\" \/><\/a><\/p>\n<p style=\"text-align: justify\">O Instituto Geol\u00f3gico, em parceria com a prefeitura de Ubatuba, est\u00e1 desenvolvendo o projeto Diretrizes para a regenera\u00e7\u00e3o s\u00f3cio-ambiental de \u00e1reas degradadas por minera\u00e7\u00e3o de saibro (caixas de empr\u00e9stimo), Ubatuba, SP, sob coordena\u00e7\u00e3o do pesquisador Cl\u00e1udio Jos\u00e9 Ferreira. O projeto conta com financiamento da FAPESP no \u00e2mbito do Programa de Pol\u00edticas P\u00fablicas e tem como objetivos gerais subsidiar a\u00e7\u00f5es para a regenera\u00e7\u00e3o s\u00f3cio-ambiental de \u00e1reas degradadas pela minera\u00e7\u00e3o de saibro, diminuir os riscos \u00e0 seguran\u00e7a p\u00fablica relacionados a processos de movimentos gravitacionais de massa nas \u00e1reas de minera\u00e7\u00e3o e promover o ordenamento e racionaliza\u00e7\u00e3o da explora\u00e7\u00e3o de saibro no munic\u00edpio, compatibilizando este com outros usos do solo.<\/p>\n<p style=\"text-align: justify\">Dentro das atividades previstas na fase I do projeto foi realizado um workshop com os principais atores sociais que atuam na quest\u00e3o. O evento foi realizado nos dias 24 e 25 de junho em Ubatuba, no n\u00facleo Picinguaba do Parque Estadual da Serra do Mar. Os temas em discuss\u00e3o dividiram-se em cinco pain\u00e9is:<\/p>\n<p style=\"text-align: justify\">A extra\u00e7\u00e3o de saibro e a cadeia s\u00f3cio-econ\u00f4mica;<\/p>\n<p>Licenciamento ambiental e miner\u00e1rio da extra\u00e7\u00e3o de saibro;<\/p>\n<p>A inser\u00e7\u00e3o da minera\u00e7ao de saibro nos planos gestores da regi\u00e3o;<\/p>\n<p>Perigos ao bem-estar social relacionados \u00e0s \u00e1reas mineradas para saibro;<\/p>\n<p>Diretrizes para a regenera\u00e7\u00e3o s\u00f3cio-ambiental das \u00e1reas degradadas pela minera\u00e7\u00e3o de saibro.<\/p>\n<p style=\"text-align: justify\">Nessa fase do projeto j\u00e1 foi realizado ainda, um curso de geoprocessamento com base no programa Spring desenvolvido pelo INPE, de acesso gratuito, e est\u00e3o sendo desenvolvidas as atividades de consulta aos processos de licenciamento ambiental e de trabalhos de campo nas \u00e1reas mineradas.<\/p>\n<p>Maiores informa\u00e7\u00f5es com o pesquisador Cl\u00e1udio Jos\u00e9 Ferreira (cferreira@igeologico.sp.gov.br)<\/p>\n","protected":false},"excerpt":{"rendered":"<p>O Instituto Geol\u00f3gico, em parceria com a prefeitura de Ubatuba, est\u00e1 desenvolvendo o projeto Diretrizes para a regenera\u00e7\u00e3o s\u00f3cio-ambiental de \u00e1reas degradadas por minera\u00e7\u00e3o de saibro (caixas de empr\u00e9stimo), Ubatuba, SP, sob coordena\u00e7\u00e3o do pesquisador Cl\u00e1udio Jos\u00e9 Ferreira. O projeto conta com financiamento da FAPESP no \u00e2mbito do Programa de Pol\u00edticas P\u00fablicas e tem como [&hellip;]<\/p>\n","protected":false},"author":1,"featured_media":0,"comment_status":"open","ping_status":"open","sticky":false,"template":"","format":"standard","meta":[],"categories":[1850],"tags":[],"_links":{"self":[{"href":"https:\/\/www.infraestruturameioambiente.sp.gov.br\/institutogeologico\/wp-json\/wp\/v2\/posts\/6821"}],"collection":[{"href":"https:\/\/www.infraestruturameioambiente.sp.gov.br\/institutogeologico\/wp-json\/wp\/v2\/posts"}],"about":[{"href":"https:\/\/www.infraestruturameioambiente.sp.gov.br\/institutogeologico\/wp-json\/wp\/v2\/types\/post"}],"author":[{"embeddable":true,"href":"https:\/\/www.infraestruturameioambiente.sp.gov.br\/institutogeologico\/wp-json\/wp\/v2\/users\/1"}],"replies":[{"embeddable":true,"href":"https:\/\/www.infraestruturameioambiente.sp.gov.br\/institutogeologico\/wp-json\/wp\/v2\/comments?post=6821"}],"version-history":[{"count":9,"href":"https:\/\/www.infraestruturameioambiente.sp.gov.br\/institutogeologico\/wp-json\/wp\/v2\/posts\/6821\/revisions"}],"predecessor-version":[{"id":8052,"href":"https:\/\/www.infraestruturameioambiente.sp.gov.br\/institutogeologico\/wp-json\/wp\/v2\/posts\/6821\/revisions\/8052"}],"wp:attachment":[{"href":"https:\/\/www.infraestruturameioambiente.sp.gov.br\/institutogeologico\/wp-json\/wp\/v2\/media?parent=6821"}],"wp:term":[{"taxonomy":"category","embeddable":true,"href":"https:\/\/www.infraestruturameioambiente.sp.gov.br\/institutogeologico\/wp-json\/wp\/v2\/categories?post=6821"},{"taxonomy":"post_tag","embeddable":true,"href":"https:\/\/www.infraestruturameioambiente.sp.gov.br\/institutogeologico\/wp-json\/wp\/v2\/tags?post=6821"}],"curies":[{"name":"wp","href":"https:\/\/api.w.org\/{rel}","templated":true}]}}