{"id":6818,"date":"2012-03-27T00:00:00","date_gmt":"2012-03-27T03:00:00","guid":{"rendered":"https:\/\/www.infraestruturameioambiente.sp.gov.br\/institutogeologico\/automatico\/ig-participa-do-seminario-internacional-brasil-e-japao-%c2%96-experiencia-em-combate-aos-desastres-naturais\/"},"modified":"2013-03-13T11:19:28","modified_gmt":"2013-03-13T14:19:28","slug":"ig-participa-do-seminario-internacional-brasil-e-japao-%c2%96-experiencia-em-combate-aos-desastres-naturais","status":"publish","type":"post","link":"https:\/\/www.infraestruturameioambiente.sp.gov.br\/institutogeologico\/2012\/03\/ig-participa-do-seminario-internacional-brasil-e-japao-%c2%96-experiencia-em-combate-aos-desastres-naturais\/","title":{"rendered":"IG participa do Semin\u00e1rio Internacional Brasil e Jap\u00e3o \u0096 Experi\u00eancia em Combate aos Desastres Naturais."},"content":{"rendered":"<p><a href=\"https:\/\/smastr16.blob.core.windows.net\/igeo\/noticias\/igeologico\/fotos\/not.gif\"><img decoding=\"async\" loading=\"lazy\" class=\"attachment-thumbnail alignleft\" src=\"https:\/\/smastr16.blob.core.windows.net\/igeo\/noticias\/igeologico\/fotos\/not.gif\" alt=\"\" width=\"150\" height=\"151\" \/><\/a><\/p>\n<p style=\"text-align: justify\">O Semin\u00e1rio, organizado pela Coordenadoria Estadual de Defesa Civil, Casa Militar, Ag\u00eancia de Coopera\u00e7\u00e3o Internacional do Jap\u00e3o (JICA), e Associa\u00e7\u00e3o dos Bolsistas da JICA (ABJICA), no dia 7 de mar\u00e7o, no Audit\u00f3rio do Expo Center Norte, reuniu as principais autoridades Civis e Militares, al\u00e9m dos Profissionais ligados ao tema dos Desastres Naturais do Brasil e do Jap\u00e3o.<\/p>\n<p style=\"text-align: justify\">O Evento abordou principalmente temas de preven\u00e7\u00e3o, preparo pessoal e coletivo, e respostas r\u00e1pidas para reabilita\u00e7\u00e3o no momento p\u00f3s Desastre Natural, e de como a troca de experi\u00eancias \u00e9 ben\u00e9fica tanto para o Brasil como para o Jap\u00e3o.<\/p>\n<p style=\"text-align: justify\">Abrindo os trabalhos estavam presentes o Consul do Jap\u00e3o, Sr. Kazuaki Obe, o Secret\u00e1rio-Chefe da Casa Militar e Coordenador Estadual de Defesa Civil, Coronel PM Admir Gerv\u00e1sio Moreira, e o Secret\u00e1rio Nacional de Defesa Civil, Coronel PM Humberto Azevedo Viana.<\/p>\n<p style=\"text-align: justify\">O painel de palestras da manh\u00e3 foi mediado pelo Professor do Departamento de Engenharia Naval e Oce\u00e2nica da Escola Polit\u00e9cnica da USP, Dr. Toshi-ichi Tachibana e pelo Ge\u00f3logo, Pesquisador e Diretor do Centro de Geologia e Meio Ambiente do Instituto Geol\u00f3gico, Dr. Claudio Jos\u00e9 Ferreira, e contou com as palestras do Secret\u00e1rio-Chefe da Casa Militar e Coordenador Estadual de Defesa Civil, Coronel PM Admir Gerv\u00e1sio Moreira, do Secret\u00e1rio Nacional de Defesa Civil, Coronel PM Humberto Azevedo Viana, do Sr. Raul Salazar, respons\u00e1vel pelo Centro de Estrat\u00e9gia Internacional para a Redu\u00e7\u00e3o de Desastres Naturais das Na\u00e7\u00f5es Unidas, escrit\u00f3rio Regional da Am\u00e9rica Latina; da Professora Hiroko Kondo, da Universidade de Nagoya, e durante muitos anos professora dos ensinos fundamental e m\u00e9dio no Jap\u00e3o; e do Dr. Frederico Ferreira Pedroso, Pesquisador da Universidade de Kyoto, e especialista em Desastres Naturais e Log\u00edstica.<\/p>\n<p style=\"text-align: justify\">Foram comparados os modelos de gest\u00e3o de Desastres Naturais no Brasil e no Jap\u00e3o, salientando as oportunidades de transfer\u00eancia de conhecimento em gest\u00e3o de desastres.<\/p>\n<p style=\"text-align: justify\">O painel de palestras da tarde foi mediado pelo Professor do Departamento de Tecnologia Farmac\u00eautica e Bioqu\u00edmica da Faculdade de Ci\u00eancias Farmac\u00eauticas da USP, Dr. Suano Sato, contou com as palestras do Capit\u00e3o PM Fauze Salim Katibe, da Casa Militar e da Coordenadoria Estadual de Defesa Civil; do Sr. Chiaki Kobayashi, Representante da JICA do Brasil; do Sr. Osvaldo Natale, ex-bolsista da JICA, e fechando as apresenta\u00e7\u00f5es, o Sr. Agostinho Ogura, Representante do CEMADEN, e ex-bolsista da JICA.<\/p>\n<p style=\"text-align: justify\">Com um p\u00fablico de mais de 350 pessoas, o Semin\u00e1rio reuniu, ainda, empresas especializadas em equipamentos utilizados pelas for\u00e7as armadas em hospitais de campanha, e de tecnologia de apoio \u00e1 preven\u00e7\u00e3o a Desastres Naturais.<\/p>\n<p style=\"text-align: justify\">Este encontro consolida a import\u00e2ncia do tema de preven\u00e7\u00e3o de desastres e redu\u00e7\u00e3o de risco, como parceria entre o Jap\u00e3o e o Brasil, atrav\u00e9s da JICA, \u00e9 fundamental para o desenvolvimento de pol\u00edticas sociais e p\u00fablicas eficientes e eficazes.<\/p>\n","protected":false},"excerpt":{"rendered":"<p>O Semin\u00e1rio, organizado pela Coordenadoria Estadual de Defesa Civil, Casa Militar, Ag\u00eancia de Coopera\u00e7\u00e3o Internacional do Jap\u00e3o (JICA), e Associa\u00e7\u00e3o dos Bolsistas da JICA (ABJICA), no dia 7 de mar\u00e7o, no Audit\u00f3rio do Expo Center Norte, reuniu as principais autoridades Civis e Militares, al\u00e9m dos Profissionais ligados ao tema dos Desastres Naturais do Brasil e [&hellip;]<\/p>\n","protected":false},"author":1,"featured_media":0,"comment_status":"open","ping_status":"open","sticky":false,"template":"","format":"standard","meta":[],"categories":[1850],"tags":[],"_links":{"self":[{"href":"https:\/\/www.infraestruturameioambiente.sp.gov.br\/institutogeologico\/wp-json\/wp\/v2\/posts\/6818"}],"collection":[{"href":"https:\/\/www.infraestruturameioambiente.sp.gov.br\/institutogeologico\/wp-json\/wp\/v2\/posts"}],"about":[{"href":"https:\/\/www.infraestruturameioambiente.sp.gov.br\/institutogeologico\/wp-json\/wp\/v2\/types\/post"}],"author":[{"embeddable":true,"href":"https:\/\/www.infraestruturameioambiente.sp.gov.br\/institutogeologico\/wp-json\/wp\/v2\/users\/1"}],"replies":[{"embeddable":true,"href":"https:\/\/www.infraestruturameioambiente.sp.gov.br\/institutogeologico\/wp-json\/wp\/v2\/comments?post=6818"}],"version-history":[{"count":1,"href":"https:\/\/www.infraestruturameioambiente.sp.gov.br\/institutogeologico\/wp-json\/wp\/v2\/posts\/6818\/revisions"}],"predecessor-version":[{"id":7979,"href":"https:\/\/www.infraestruturameioambiente.sp.gov.br\/institutogeologico\/wp-json\/wp\/v2\/posts\/6818\/revisions\/7979"}],"wp:attachment":[{"href":"https:\/\/www.infraestruturameioambiente.sp.gov.br\/institutogeologico\/wp-json\/wp\/v2\/media?parent=6818"}],"wp:term":[{"taxonomy":"category","embeddable":true,"href":"https:\/\/www.infraestruturameioambiente.sp.gov.br\/institutogeologico\/wp-json\/wp\/v2\/categories?post=6818"},{"taxonomy":"post_tag","embeddable":true,"href":"https:\/\/www.infraestruturameioambiente.sp.gov.br\/institutogeologico\/wp-json\/wp\/v2\/tags?post=6818"}],"curies":[{"name":"wp","href":"https:\/\/api.w.org\/{rel}","templated":true}]}}