{"id":6810,"date":"2012-01-23T00:00:00","date_gmt":"2012-01-23T02:00:00","guid":{"rendered":"https:\/\/www.infraestruturameioambiente.sp.gov.br\/institutogeologico\/automatico\/governador-designa-pesquisadores-do-ig-para-compor-o-gaae\/"},"modified":"2013-03-13T13:36:22","modified_gmt":"2013-03-13T16:36:22","slug":"governador-designa-pesquisadores-do-ig-para-compor-o-gaae","status":"publish","type":"post","link":"https:\/\/www.infraestruturameioambiente.sp.gov.br\/institutogeologico\/2012\/01\/governador-designa-pesquisadores-do-ig-para-compor-o-gaae\/","title":{"rendered":"Governador designa pesquisadores do IG para compor o GAAE"},"content":{"rendered":"<p><a title=\"Foto: Acervo IG\/SMA\" href=\"https:\/\/smastr16.blob.core.windows.net\/igeo\/noticias\/igeologico\/fotos\/1_23_QPIY.jpg\"><img decoding=\"async\" loading=\"lazy\" class=\"attachment-thumbnail alignleft\" src=\"https:\/\/smastr16.blob.core.windows.net\/igeo\/noticias\/igeologico\/fotos\/1_23_QPIY.jpg\" alt=\"Foto: Acervo IG\/SMA\" width=\"150\" height=\"84\" \/><\/a><\/p>\n<p style=\"text-align: justify\">O Governo de S\u00e3o Paulo nomeou nessa \u00faltima quinta-feira (19) os membros para comporem o Grupo de Articula\u00e7\u00e3o de A\u00e7\u00f5es Executivas (GAAE), medida prevista no Decreto Estadual n\u00ba 57.512 de 11\/11\/2011, que cria o Programa Estadual de Preven\u00e7\u00e3o de Desastres Naturais e Redu\u00e7\u00e3o de Riscos Geol\u00f3gicos (PDN). Para representar a Secretaria do Meio Ambiente no GAAE foi designado o Sr. Ricardo Vedovello, Diretor Geral do Instituto Geol\u00f3gico (IG). Na Secretaria Executiva do GAAE, atribu\u00edda ao Instituto Geol\u00f3gico pelo Decreto n\u00ba 57.512, foram designadas as pesquisadoras Maria Jos\u00e9 Brollo (titular) e L\u00eddia Keiko Tominaga (suplente), ambas do N\u00facleo de Geologia de Engenharia Ambiental do Instituto.<\/p>\n","protected":false},"excerpt":{"rendered":"<p>O Governo de S\u00e3o Paulo nomeou nessa \u00faltima quinta-feira (19) os membros para comporem o Grupo de Articula\u00e7\u00e3o de A\u00e7\u00f5es Executivas (GAAE), medida prevista no Decreto Estadual n\u00ba 57.512 de 11\/11\/2011, que cria o Programa Estadual de Preven\u00e7\u00e3o de Desastres Naturais e Redu\u00e7\u00e3o de Riscos Geol\u00f3gicos (PDN). Para representar a Secretaria do Meio Ambiente no [&hellip;]<\/p>\n","protected":false},"author":1,"featured_media":0,"comment_status":"open","ping_status":"open","sticky":false,"template":"","format":"standard","meta":[],"categories":[1850],"tags":[],"_links":{"self":[{"href":"https:\/\/www.infraestruturameioambiente.sp.gov.br\/institutogeologico\/wp-json\/wp\/v2\/posts\/6810"}],"collection":[{"href":"https:\/\/www.infraestruturameioambiente.sp.gov.br\/institutogeologico\/wp-json\/wp\/v2\/posts"}],"about":[{"href":"https:\/\/www.infraestruturameioambiente.sp.gov.br\/institutogeologico\/wp-json\/wp\/v2\/types\/post"}],"author":[{"embeddable":true,"href":"https:\/\/www.infraestruturameioambiente.sp.gov.br\/institutogeologico\/wp-json\/wp\/v2\/users\/1"}],"replies":[{"embeddable":true,"href":"https:\/\/www.infraestruturameioambiente.sp.gov.br\/institutogeologico\/wp-json\/wp\/v2\/comments?post=6810"}],"version-history":[{"count":1,"href":"https:\/\/www.infraestruturameioambiente.sp.gov.br\/institutogeologico\/wp-json\/wp\/v2\/posts\/6810\/revisions"}],"predecessor-version":[{"id":8008,"href":"https:\/\/www.infraestruturameioambiente.sp.gov.br\/institutogeologico\/wp-json\/wp\/v2\/posts\/6810\/revisions\/8008"}],"wp:attachment":[{"href":"https:\/\/www.infraestruturameioambiente.sp.gov.br\/institutogeologico\/wp-json\/wp\/v2\/media?parent=6810"}],"wp:term":[{"taxonomy":"category","embeddable":true,"href":"https:\/\/www.infraestruturameioambiente.sp.gov.br\/institutogeologico\/wp-json\/wp\/v2\/categories?post=6810"},{"taxonomy":"post_tag","embeddable":true,"href":"https:\/\/www.infraestruturameioambiente.sp.gov.br\/institutogeologico\/wp-json\/wp\/v2\/tags?post=6810"}],"curies":[{"name":"wp","href":"https:\/\/api.w.org\/{rel}","templated":true}]}}