{"id":6809,"date":"2010-03-22T00:00:00","date_gmt":"2010-03-22T03:00:00","guid":{"rendered":"https:\/\/www.infraestruturameioambiente.sp.gov.br\/institutogeologico\/automatico\/ig-participa-do-primeiro-encontro-tematico-da-escola-cepam\/"},"modified":"2010-03-22T00:00:00","modified_gmt":"2010-03-22T03:00:00","slug":"ig-participa-do-primeiro-encontro-tematico-da-escola-cepam","status":"publish","type":"post","link":"https:\/\/www.infraestruturameioambiente.sp.gov.br\/institutogeologico\/2010\/03\/ig-participa-do-primeiro-encontro-tematico-da-escola-cepam\/","title":{"rendered":"IG participa do primeiro encontro tem\u00e1tico da Escola CEPAM"},"content":{"rendered":"<div id=\"gallery-1\" class=\"gallery gallery-columns-1 gallery-size-thumbnail\">\n<dl class=\"gallery-item\">\n<dt class=\"gallery-icon\"><a href=\"https:\/\/smastr16.blob.core.windows.net\/igeo\/noticias\/igeologico\/fotos\/3_22_OXQL.jpg\" title=\"Foto: Antonio Carlos Guedes\"><img decoding=\"async\" width=\"150\" src=\"https:\/\/smastr16.blob.core.windows.net\/igeo\/noticias\/igeologico\/fotos\/3_22_OXQL.jpg\" class=\"attachment-thumbnail\" alt=\"Foto: Antonio Carlos Guedes\" \/><\/a><\/dt>\n<dd class=\"wp-caption-text gallery-caption\">Foto: Antonio Carlos Guedes<\/dd>\n<\/dl>\n<p><br style=\"clear: both\" \/>\n<\/div>\n<p>O primeiro Encontro T\u00e9m\u00e1tico do ano de 2010 da Escola CEPAM de Gest\u00e3o Municipal, realizado no dia 17 de mar\u00e7o, teve como finalidade apresentar e discutir como as ferramentas de geoprocessamento podem auxiliar na previs\u00e3o e no monitoramento de riscos e como os munic\u00edpios podem ter acesso a elas. Os pesquisadores do IG, Cl\u00e1udio Jos\u00e9 Ferreira (Se\u00e7\u00e3o de Geologia Aplicada e Ambiental) e M\u00e1rcia Maria Pressinotti (Setor de Geoprocessamento) proferiram a palestra \u0093 Mapeamento de Risco &#8211; M\u00e9todos e geotecnologias para a gest\u00e3o de Desastres Naturais\u0094.<\/p>\n<p>O encontro contou ainda com a participa\u00e7\u00e3o do Coordenador de Planejamento Ambiental da SMA, Casemiro T\u00e9rcio dos Reis Lima Carvalho, do diretor do Instituto Geogr\u00e1fico e Cartogr\u00e1fico (IGC), Celso Donizetti Talamoni, do pesquisador do Instituto Nacional de Pesquisas Espaciais (INPE), La\u00e9rcio Namikawa e do Coordenador de Defesa Civil Estadual Ten. Cel. Jos\u00e9 F\u00e9lix Drigo.<\/p>\n","protected":false},"excerpt":{"rendered":"<p>Foto: Antonio Carlos Guedes O primeiro Encontro T\u00e9m\u00e1tico do ano de 2010 da Escola CEPAM de Gest\u00e3o Municipal, realizado no dia 17 de mar\u00e7o, teve como finalidade apresentar e discutir como as ferramentas de geoprocessamento podem auxiliar na previs\u00e3o e no monitoramento de riscos e como os munic\u00edpios podem ter acesso a elas. Os pesquisadores [&hellip;]<\/p>\n","protected":false},"author":1,"featured_media":0,"comment_status":"open","ping_status":"open","sticky":false,"template":"","format":"standard","meta":[],"categories":[1850],"tags":[],"_links":{"self":[{"href":"https:\/\/www.infraestruturameioambiente.sp.gov.br\/institutogeologico\/wp-json\/wp\/v2\/posts\/6809"}],"collection":[{"href":"https:\/\/www.infraestruturameioambiente.sp.gov.br\/institutogeologico\/wp-json\/wp\/v2\/posts"}],"about":[{"href":"https:\/\/www.infraestruturameioambiente.sp.gov.br\/institutogeologico\/wp-json\/wp\/v2\/types\/post"}],"author":[{"embeddable":true,"href":"https:\/\/www.infraestruturameioambiente.sp.gov.br\/institutogeologico\/wp-json\/wp\/v2\/users\/1"}],"replies":[{"embeddable":true,"href":"https:\/\/www.infraestruturameioambiente.sp.gov.br\/institutogeologico\/wp-json\/wp\/v2\/comments?post=6809"}],"version-history":[{"count":0,"href":"https:\/\/www.infraestruturameioambiente.sp.gov.br\/institutogeologico\/wp-json\/wp\/v2\/posts\/6809\/revisions"}],"wp:attachment":[{"href":"https:\/\/www.infraestruturameioambiente.sp.gov.br\/institutogeologico\/wp-json\/wp\/v2\/media?parent=6809"}],"wp:term":[{"taxonomy":"category","embeddable":true,"href":"https:\/\/www.infraestruturameioambiente.sp.gov.br\/institutogeologico\/wp-json\/wp\/v2\/categories?post=6809"},{"taxonomy":"post_tag","embeddable":true,"href":"https:\/\/www.infraestruturameioambiente.sp.gov.br\/institutogeologico\/wp-json\/wp\/v2\/tags?post=6809"}],"curies":[{"name":"wp","href":"https:\/\/api.w.org\/{rel}","templated":true}]}}