{"id":6805,"date":"2011-01-04T00:00:00","date_gmt":"2011-01-04T02:00:00","guid":{"rendered":"https:\/\/www.infraestruturameioambiente.sp.gov.br\/institutogeologico\/automatico\/sma-discute-a-geodiversidade\/"},"modified":"2011-01-04T00:00:00","modified_gmt":"2011-01-04T02:00:00","slug":"sma-discute-a-geodiversidade","status":"publish","type":"post","link":"https:\/\/www.infraestruturameioambiente.sp.gov.br\/institutogeologico\/2011\/01\/sma-discute-a-geodiversidade\/","title":{"rendered":"SMA discute a Geodiversidade"},"content":{"rendered":"<div id=\"gallery-1\" class=\"gallery gallery-columns-1 gallery-size-thumbnail\">\n<dl class=\"gallery-item\">\n<dt class=\"gallery-icon\"><a href=\"https:\/\/smastr16.blob.core.windows.net\/igeo\/noticias\/igeologico\/fotos\/1_4_HDVL.jpg\" title=\"Foto: Daniel Rodrigues de Fran\u00e7a\"><img decoding=\"async\" width=\"150\" src=\"https:\/\/smastr16.blob.core.windows.net\/igeo\/noticias\/igeologico\/fotos\/1_4_HDVL.jpg\" class=\"attachment-thumbnail\" alt=\"Foto: Daniel Rodrigues de Fran\u00e7a\" \/><\/a><\/dt>\n<dd class=\"wp-caption-text gallery-caption\">Foto: Daniel Rodrigues de Fran\u00e7a<\/dd>\n<\/dl>\n<p><br style=\"clear: both\" \/>\n<\/div>\n<p>Aconteceu no \u00faltimo dia 9 de dezembro, no \u00e2mbito do I Simp\u00f3sio Geoci\u00eancias e Meio Ambiente, o I Semin\u00e1rio Preservando a Geodiversidade. O evento contou com palestras de especialistas no assunto e propiciou discuss\u00f5es sobre diversas estrat\u00e9gias para a conserva\u00e7\u00e3o da Geodiversidade. A atividade complementou as discuss\u00f5es havidas no \u00e2mbito do Conselho Estadual de Monumentos Geol\u00f3gicos (CoMGeo-SP) sobre a conserva\u00e7\u00e3o do patrim\u00f4nio geol\u00f3gico paulista. <\/p>\n<p> <br \/>\nA\u00e7\u00f5es do CoMGeo-SP<\/p>\n<p>O CoMGeo-SP, criado por meio da Resolu\u00e7\u00e3o SMA 76, de 4 de novembro de 2009, \u00e9 um \u00f3rg\u00e3o consultivo encarregado de discutir e propor a\u00e7\u00f5es em prol da conserva\u00e7\u00e3o do patrim\u00f4nio geol\u00f3gico paulista. Durante o ano de 2010 ocorreram cinco reuni\u00f5es, por meio das quais foi poss\u00edvel avan\u00e7ar nas propostas para a prote\u00e7\u00e3o de \u00e1reas com atributos geol\u00f3gicos excepcionais. <\/p>\n<p>Na pen\u00faltima reuni\u00e3o, ocorrida em 31 de julho, foram discutidas estrat\u00e9gias de conserva\u00e7\u00e3o para quatro s\u00edtios geol\u00f3gicos paulistas, a saber: Geiseritos de Anhembi; Cavas de Ouro Hist\u00f3ricas do Jaragu\u00e1; Pavimento Estriado Guara\u00fa e Icnof\u00f3sseis da Usina Porto Primavera.<\/p>\n<p>No caso do s\u00edtio Icnof\u00f3sseis da Usina Porto Primavera, afloramento com pegadas de dinossauros localizado no munic\u00edpio de Rosana (extremo oeste paulista), o CoMGeo-SP discutiu sobre a necessidade de a\u00e7\u00f5es para conter a deteriora\u00e7\u00e3o do s\u00edtio, o qual vem sofrendo a\u00e7\u00e3o erosiva.<\/p>\n<p>J\u00e1 na \u00faltima reuni\u00e3o, ocorrida em 13 de outubro de 2010, o CoMGeo-SP discutiu a necessidade de implanta\u00e7\u00e3o de placas interpretativas junto ao s\u00edtios e monumentos geol\u00f3gicos paulistas. Tratou ainda dos Geiseritos de Anhembi e das Cavas de Ouro Hist\u00f3ricas do Jaragu\u00e1.<\/p>\n<p>A reuni\u00e3o contou com a participa\u00e7\u00e3o do ge\u00f3logo Luis Fernando dos Santos, da Subprefeitura de Perus, que fez uma apresenta\u00e7\u00e3o sobre as Cavas do Jaragu\u00e1, antiga minera\u00e7\u00e3o de ouro explorada desde o s\u00e9culo XVI. Luis Fernando explanou sobre os esfor\u00e7os que vem sendo realizados no \u00e2mbito municipal para prote\u00e7\u00e3o das cavas que se encontram em \u00e1rea pertencente \u00e0 Prefeitura.<\/p>\n<p>Tamb\u00e9m teve destaque na reuni\u00e3o o caso dos Geiseritos de Anhembi, s\u00edtio com forma\u00e7\u00f5es rochosas raras, considerado um dos 5 Monumentos Geol\u00f3gicos paulistas, e que constitui uma Unidade de Conserva\u00e7\u00e3o (Monumento Natural). O CoMGeo-SP recomendou a cria\u00e7\u00e3o de um grupo de trabalho no \u00e2mbito da SMA para elabora\u00e7\u00e3o de regulamenta\u00e7\u00e3o da lei que criou a UC e para aprimoramento dos mecanismos de sua gest\u00e3o.<\/p>\n<p> <br \/>\nGeoparks<\/p>\n<p>Outro assunto que entrou na pauta das duas \u00faltimas reuni\u00f5es foi a discuss\u00e3o sobre os geoparks \u0096 territ\u00f3rios com s\u00edtios geol\u00f3gicos de grande valor cient\u00edfico os quais, juntamente com outras \u00e1reas de valor cultural, hist\u00f3rico e ecol\u00f3gico, devem fazer parte de uma estrat\u00e9gia conjunta de prote\u00e7\u00e3o e desenvolvimento sustent\u00e1vel por meio do turismo. O Conselho entendeu ser importante incentivar a cria\u00e7\u00e3o de \u00e1reas do g\u00eanero em territ\u00f3rio paulista, de modo que o assunto dever\u00e1 retornar \u00e0 pauta das pr\u00f3ximas reuni\u00f5es.<\/p>\n<p> <br \/>\nFotos: 5\u00aa (acima) e 6\u00aa (abaixo) reuni\u00f5es do CoMGeo-SP<\/p>\n","protected":false},"excerpt":{"rendered":"<p>Foto: Daniel Rodrigues de Fran\u00e7a Aconteceu no \u00faltimo dia 9 de dezembro, no \u00e2mbito do I Simp\u00f3sio Geoci\u00eancias e Meio Ambiente, o I Semin\u00e1rio Preservando a Geodiversidade. O evento contou com palestras de especialistas no assunto e propiciou discuss\u00f5es sobre diversas estrat\u00e9gias para a conserva\u00e7\u00e3o da Geodiversidade. A atividade complementou as discuss\u00f5es havidas no \u00e2mbito [&hellip;]<\/p>\n","protected":false},"author":1,"featured_media":0,"comment_status":"open","ping_status":"open","sticky":false,"template":"","format":"standard","meta":[],"categories":[1850],"tags":[],"_links":{"self":[{"href":"https:\/\/www.infraestruturameioambiente.sp.gov.br\/institutogeologico\/wp-json\/wp\/v2\/posts\/6805"}],"collection":[{"href":"https:\/\/www.infraestruturameioambiente.sp.gov.br\/institutogeologico\/wp-json\/wp\/v2\/posts"}],"about":[{"href":"https:\/\/www.infraestruturameioambiente.sp.gov.br\/institutogeologico\/wp-json\/wp\/v2\/types\/post"}],"author":[{"embeddable":true,"href":"https:\/\/www.infraestruturameioambiente.sp.gov.br\/institutogeologico\/wp-json\/wp\/v2\/users\/1"}],"replies":[{"embeddable":true,"href":"https:\/\/www.infraestruturameioambiente.sp.gov.br\/institutogeologico\/wp-json\/wp\/v2\/comments?post=6805"}],"version-history":[{"count":0,"href":"https:\/\/www.infraestruturameioambiente.sp.gov.br\/institutogeologico\/wp-json\/wp\/v2\/posts\/6805\/revisions"}],"wp:attachment":[{"href":"https:\/\/www.infraestruturameioambiente.sp.gov.br\/institutogeologico\/wp-json\/wp\/v2\/media?parent=6805"}],"wp:term":[{"taxonomy":"category","embeddable":true,"href":"https:\/\/www.infraestruturameioambiente.sp.gov.br\/institutogeologico\/wp-json\/wp\/v2\/categories?post=6805"},{"taxonomy":"post_tag","embeddable":true,"href":"https:\/\/www.infraestruturameioambiente.sp.gov.br\/institutogeologico\/wp-json\/wp\/v2\/tags?post=6805"}],"curies":[{"name":"wp","href":"https:\/\/api.w.org\/{rel}","templated":true}]}}