{"id":6802,"date":"2010-03-16T00:00:00","date_gmt":"2010-03-16T03:00:00","guid":{"rendered":"https:\/\/www.infraestruturameioambiente.sp.gov.br\/institutogeologico\/automatico\/disponivel-para-download-a-publicacao-%c2%93projeto-jurubatuba-restricao-e-controle-de-uso-da-agua-subterranea%c2%94\/"},"modified":"2020-10-15T13:40:32","modified_gmt":"2020-10-15T16:40:32","slug":"disponivel-para-download-a-publicacao-projeto-jurubatuba-restricao-e-controle-de-uso-da-agua-subterranea","status":"publish","type":"post","link":"https:\/\/www.infraestruturameioambiente.sp.gov.br\/institutogeologico\/2010\/03\/disponivel-para-download-a-publicacao-projeto-jurubatuba-restricao-e-controle-de-uso-da-agua-subterranea\/","title":{"rendered":"Publica\u00e7\u00e3o \u0093Projeto Jurubatuba: Restri\u00e7\u00e3o e Controle de uso da \u00c1gua Subterr\u00e2nea\u0094"},"content":{"rendered":"<div id=\"gallery-1\" class=\"gallery gallery-columns-1 gallery-size-thumbnail\">\n<dl class=\"gallery-item\">\n<dt class=\"gallery-icon\">\n<div style=\"width: 160px\" class=\"wp-caption alignnone\"><a title=\"Foto: SMA\/Secret. Saneamento e Energia\" href=\"https:\/\/smastr16.blob.core.windows.net\/igeo\/2019\/05\/ig_jurubatuba.pdf\"><img decoding=\"async\" loading=\"lazy\" class=\"attachment-thumbnail\" src=\"https:\/\/smastr16.blob.core.windows.net\/igeo\/noticias\/igeologico\/fotos\/3_16_XGIW.jpg\" alt=\"Foto: SMA\/Secret. Saneamento e Energia\" width=\"150\" height=\"347\" \/><\/a><p class=\"wp-caption-text\">Foto: SMA\/Secret. Saneamento e Energia<\/p><\/div><\/dt>\n<\/dl>\n<p>&nbsp;<\/p>\n<\/div>\n<p style=\"text-align: justify\">Lan\u00e7ada vers\u00e3o em PDF para download da publica\u00e7\u00e3o \u0093Projeto Jurubatuba: Restri\u00e7\u00e3o e Controle de uso da \u00c1gua Subterr\u00e2nea\u0094, realizada pela SERVMAR Servi\u00e7os Tecnicos Ambientais Ltda., contratada pelo Departamento de \u00c1guas e Energia El\u00e9trica \u0096 DAEE sob financiamento FEHIDRO.<\/p>\n<p style=\"text-align: justify\">Esta publica\u00e7\u00e3o \u00e9 uma iniciativa do Projeto Ambiental Estrat\u00e9gico Aqu\u00edferos do Governo do Estado de S\u00e3o Paulo, que tem como uma de suas diretrizes a produ\u00e7\u00e3o e difus\u00e3o de informa\u00e7\u00f5es b\u00e1sicas sobre \u00e1guas subterr\u00e2neas. O estudo apresenta a situa\u00e7\u00e3o de contamina\u00e7\u00e3o na regi\u00e3o industrializada do entorno do Canal do Jurubatuba, zona sul do Munic\u00edpio de S\u00e3o Paulo. Esta \u00e1rea apresenta-se contaminada por compostos organoclorados que atingiram po\u00e7os de produ\u00e7\u00e3o de \u00e1gua subterr\u00e2nea.<\/p>\n<p style=\"text-align: justify\">Este trabalho surgiu da necessidade de defini\u00e7\u00e3o de um m\u00e9todo que delimitasse \u00e1reas de restri\u00e7\u00e3o e controle da explora\u00e7\u00e3o das \u00e1guas subterr\u00e2neas visando a redu\u00e7\u00e3o do risco de contamina\u00e7\u00e3o de po\u00e7os, a prote\u00e7\u00e3o da sa\u00fade p\u00fablica e minimiza\u00e7\u00e3o do espalhamento de contaminantes nos aqu\u00edferos.<\/p>\n<p style=\"text-align: justify\">Para acessar a publica\u00e7\u00e3o <a href=\"https:\/\/smastr16.blob.core.windows.net\/igeo\/2019\/05\/ig_jurubatuba.pdf\">CLIQUE AQUI<\/a>. (PDF &#8211; 5,9 MB)<\/p>\n","protected":false},"excerpt":{"rendered":"<p>&nbsp; Lan\u00e7ada vers\u00e3o em PDF para download da publica\u00e7\u00e3o \u0093Projeto Jurubatuba: Restri\u00e7\u00e3o e Controle de uso da \u00c1gua Subterr\u00e2nea\u0094, realizada pela SERVMAR Servi\u00e7os Tecnicos Ambientais Ltda., contratada pelo Departamento de \u00c1guas e Energia El\u00e9trica \u0096 DAEE sob financiamento FEHIDRO. Esta publica\u00e7\u00e3o \u00e9 uma iniciativa do Projeto Ambiental Estrat\u00e9gico Aqu\u00edferos do Governo do Estado de S\u00e3o [&hellip;]<\/p>\n","protected":false},"author":1,"featured_media":0,"comment_status":"open","ping_status":"open","sticky":false,"template":"","format":"standard","meta":[],"categories":[1850],"tags":[],"_links":{"self":[{"href":"https:\/\/www.infraestruturameioambiente.sp.gov.br\/institutogeologico\/wp-json\/wp\/v2\/posts\/6802"}],"collection":[{"href":"https:\/\/www.infraestruturameioambiente.sp.gov.br\/institutogeologico\/wp-json\/wp\/v2\/posts"}],"about":[{"href":"https:\/\/www.infraestruturameioambiente.sp.gov.br\/institutogeologico\/wp-json\/wp\/v2\/types\/post"}],"author":[{"embeddable":true,"href":"https:\/\/www.infraestruturameioambiente.sp.gov.br\/institutogeologico\/wp-json\/wp\/v2\/users\/1"}],"replies":[{"embeddable":true,"href":"https:\/\/www.infraestruturameioambiente.sp.gov.br\/institutogeologico\/wp-json\/wp\/v2\/comments?post=6802"}],"version-history":[{"count":7,"href":"https:\/\/www.infraestruturameioambiente.sp.gov.br\/institutogeologico\/wp-json\/wp\/v2\/posts\/6802\/revisions"}],"predecessor-version":[{"id":13619,"href":"https:\/\/www.infraestruturameioambiente.sp.gov.br\/institutogeologico\/wp-json\/wp\/v2\/posts\/6802\/revisions\/13619"}],"wp:attachment":[{"href":"https:\/\/www.infraestruturameioambiente.sp.gov.br\/institutogeologico\/wp-json\/wp\/v2\/media?parent=6802"}],"wp:term":[{"taxonomy":"category","embeddable":true,"href":"https:\/\/www.infraestruturameioambiente.sp.gov.br\/institutogeologico\/wp-json\/wp\/v2\/categories?post=6802"},{"taxonomy":"post_tag","embeddable":true,"href":"https:\/\/www.infraestruturameioambiente.sp.gov.br\/institutogeologico\/wp-json\/wp\/v2\/tags?post=6802"}],"curies":[{"name":"wp","href":"https:\/\/api.w.org\/{rel}","templated":true}]}}