{"id":6801,"date":"2004-05-28T00:00:00","date_gmt":"2004-05-28T03:00:00","guid":{"rendered":"https:\/\/www.infraestruturameioambiente.sp.gov.br\/institutogeologico\/automatico\/aulas-de-geologia-para-jovens-de-comunidades-de-quilombos\/"},"modified":"2013-03-13T15:00:30","modified_gmt":"2013-03-13T18:00:30","slug":"aulas-de-geologia-para-jovens-de-comunidades-de-quilombos","status":"publish","type":"post","link":"https:\/\/www.infraestruturameioambiente.sp.gov.br\/institutogeologico\/2004\/05\/aulas-de-geologia-para-jovens-de-comunidades-de-quilombos\/","title":{"rendered":"Aulas de geologia para jovens de Comunidades de Quilombos"},"content":{"rendered":"<p><img decoding=\"async\" loading=\"lazy\" class=\"attachment-thumbnail alignleft\" src=\"https:\/\/smastr16.blob.core.windows.net\/igeo\/noticias\/igeologico\/fotos\/5_28_QJAS.jpg\" alt=\"Foto: H\u00e9lio Shimada\" width=\"150\" height=\"97\" \/><\/p>\n<div style=\"text-align: justify\">O IG participa, desde 13\/05\/04, a convite do ITESP \u2013 Instituto de Terras do Estado de S\u00e3o Paulo, de Curso de Especializa\u00e7\u00e3o em Espeleologia para membros de comunidades quilombolas do Vale do Ribeira. O curso faz parte de programa de capacita\u00e7\u00e3o em ecoturismo para Remanescentes de Comunidades de Quilombos, visando proporcionar-lhes alternativa de atividade econ\u00f4mica sustent\u00e1vel. As aulas s\u00e3o ministradas pelo Pesquisador Cient\u00edfico H\u00e9lio Shimada, constando de conceitos b\u00e1sicos de Geologia e forma\u00e7\u00e3o de cavernas.<\/div>\n","protected":false},"excerpt":{"rendered":"<p>O IG participa, desde 13\/05\/04, a convite do ITESP \u2013 Instituto de Terras do Estado de S\u00e3o Paulo, de Curso de Especializa\u00e7\u00e3o em Espeleologia para membros de comunidades quilombolas do Vale do Ribeira. O curso faz parte de programa de capacita\u00e7\u00e3o em ecoturismo para Remanescentes de Comunidades de Quilombos, visando proporcionar-lhes alternativa de atividade econ\u00f4mica [&hellip;]<\/p>\n","protected":false},"author":1,"featured_media":0,"comment_status":"open","ping_status":"open","sticky":false,"template":"","format":"standard","meta":[],"categories":[1850],"tags":[],"_links":{"self":[{"href":"https:\/\/www.infraestruturameioambiente.sp.gov.br\/institutogeologico\/wp-json\/wp\/v2\/posts\/6801"}],"collection":[{"href":"https:\/\/www.infraestruturameioambiente.sp.gov.br\/institutogeologico\/wp-json\/wp\/v2\/posts"}],"about":[{"href":"https:\/\/www.infraestruturameioambiente.sp.gov.br\/institutogeologico\/wp-json\/wp\/v2\/types\/post"}],"author":[{"embeddable":true,"href":"https:\/\/www.infraestruturameioambiente.sp.gov.br\/institutogeologico\/wp-json\/wp\/v2\/users\/1"}],"replies":[{"embeddable":true,"href":"https:\/\/www.infraestruturameioambiente.sp.gov.br\/institutogeologico\/wp-json\/wp\/v2\/comments?post=6801"}],"version-history":[{"count":7,"href":"https:\/\/www.infraestruturameioambiente.sp.gov.br\/institutogeologico\/wp-json\/wp\/v2\/posts\/6801\/revisions"}],"predecessor-version":[{"id":8058,"href":"https:\/\/www.infraestruturameioambiente.sp.gov.br\/institutogeologico\/wp-json\/wp\/v2\/posts\/6801\/revisions\/8058"}],"wp:attachment":[{"href":"https:\/\/www.infraestruturameioambiente.sp.gov.br\/institutogeologico\/wp-json\/wp\/v2\/media?parent=6801"}],"wp:term":[{"taxonomy":"category","embeddable":true,"href":"https:\/\/www.infraestruturameioambiente.sp.gov.br\/institutogeologico\/wp-json\/wp\/v2\/categories?post=6801"},{"taxonomy":"post_tag","embeddable":true,"href":"https:\/\/www.infraestruturameioambiente.sp.gov.br\/institutogeologico\/wp-json\/wp\/v2\/tags?post=6801"}],"curies":[{"name":"wp","href":"https:\/\/api.w.org\/{rel}","templated":true}]}}