{"id":6793,"date":"2012-04-03T00:00:00","date_gmt":"2012-04-03T03:00:00","guid":{"rendered":"https:\/\/www.infraestruturameioambiente.sp.gov.br\/institutogeologico\/automatico\/inscricoes-no-pibic-2012-2013-iniciacao-cientifica-sao-prorrogadas-ate-dia-20-de-abril-de-2012\/"},"modified":"2013-03-13T11:07:42","modified_gmt":"2013-03-13T14:07:42","slug":"inscricoes-no-pibic-2012-2013-iniciacao-cientifica-sao-prorrogadas-ate-dia-20-de-abril-de-2012","status":"publish","type":"post","link":"https:\/\/www.infraestruturameioambiente.sp.gov.br\/institutogeologico\/2012\/04\/inscricoes-no-pibic-2012-2013-iniciacao-cientifica-sao-prorrogadas-ate-dia-20-de-abril-de-2012\/","title":{"rendered":"Inscri\u00e7\u00f5es no PIBIC 2012-2013 &#8211; Inicia\u00e7\u00e3o Cient\u00edfica s\u00e3o prorrogadas at\u00e9 dia 20 de abril de 2012"},"content":{"rendered":"<p><a href=\"https:\/\/smastr16.blob.core.windows.net\/igeo\/noticias\/igeologico\/fotos\/not.gif\"><img decoding=\"async\" loading=\"lazy\" class=\"attachment-thumbnail alignleft\" src=\"https:\/\/smastr16.blob.core.windows.net\/igeo\/noticias\/igeologico\/fotos\/not.gif\" alt=\"\" width=\"150\" height=\"151\" \/><\/a><\/p>\n<p style=\"text-align: justify\">As inscri\u00e7\u00f5es para Bolsas de Inicia\u00e7\u00e3o Cient\u00edfica 2012-2013 do Programa de Inicia\u00e7\u00e3o Cient\u00edfica do Instituto Geol\u00f3gico (PIBIC-IG) foram prorrogadas at\u00e9 20 de abril de 2012.<\/p>\n<p style=\"text-align: justify\">Para se candidatar, o aluno deve estar matriculado em curso de gradua\u00e7\u00e3o e n\u00e3o ter v\u00ednculo empregat\u00edcio.<\/p>\n<p style=\"text-align: justify\">O orientador deve ter v\u00ednculo formal com o Instituto Geol\u00f3gico, com titula\u00e7\u00e3o de doutor, mestre ou de perfil equivalente.<\/p>\n<p style=\"text-align: justify\">As inscri\u00e7\u00f5es ser\u00e3o realizadas pelo orientador atrav\u00e9s da entrega dos formul\u00e1rios para a COORDENACAO DO PIBIC-IG, em envelope lacrado:<\/p>\n<p>&nbsp;<\/p>\n<p>COORDENA\u00c7\u00c3O DO PIBIC-IG<br \/>\nDIRETORIA GERAL<br \/>\nINSTITUTO GEOL\u00d3GICO<\/p>\n<p>Av. Miguel St\u00e9fano, 3.900<br \/>\nCEP: 04301-903 &#8211; S\u00e3o Paulo SP<\/p>\n<p>Para mais informa\u00e7\u00f5es:<br \/>\n<a href=\"\/institutogeologico\/2012\/03\/09\">CLIQUE AQUI<\/a>.<\/p>\n","protected":false},"excerpt":{"rendered":"<p>As inscri\u00e7\u00f5es para Bolsas de Inicia\u00e7\u00e3o Cient\u00edfica 2012-2013 do Programa de Inicia\u00e7\u00e3o Cient\u00edfica do Instituto Geol\u00f3gico (PIBIC-IG) foram prorrogadas at\u00e9 20 de abril de 2012. Para se candidatar, o aluno deve estar matriculado em curso de gradua\u00e7\u00e3o e n\u00e3o ter v\u00ednculo empregat\u00edcio. O orientador deve ter v\u00ednculo formal com o Instituto Geol\u00f3gico, com titula\u00e7\u00e3o de [&hellip;]<\/p>\n","protected":false},"author":1,"featured_media":0,"comment_status":"open","ping_status":"open","sticky":false,"template":"","format":"standard","meta":[],"categories":[1850],"tags":[],"_links":{"self":[{"href":"https:\/\/www.infraestruturameioambiente.sp.gov.br\/institutogeologico\/wp-json\/wp\/v2\/posts\/6793"}],"collection":[{"href":"https:\/\/www.infraestruturameioambiente.sp.gov.br\/institutogeologico\/wp-json\/wp\/v2\/posts"}],"about":[{"href":"https:\/\/www.infraestruturameioambiente.sp.gov.br\/institutogeologico\/wp-json\/wp\/v2\/types\/post"}],"author":[{"embeddable":true,"href":"https:\/\/www.infraestruturameioambiente.sp.gov.br\/institutogeologico\/wp-json\/wp\/v2\/users\/1"}],"replies":[{"embeddable":true,"href":"https:\/\/www.infraestruturameioambiente.sp.gov.br\/institutogeologico\/wp-json\/wp\/v2\/comments?post=6793"}],"version-history":[{"count":14,"href":"https:\/\/www.infraestruturameioambiente.sp.gov.br\/institutogeologico\/wp-json\/wp\/v2\/posts\/6793\/revisions"}],"predecessor-version":[{"id":7976,"href":"https:\/\/www.infraestruturameioambiente.sp.gov.br\/institutogeologico\/wp-json\/wp\/v2\/posts\/6793\/revisions\/7976"}],"wp:attachment":[{"href":"https:\/\/www.infraestruturameioambiente.sp.gov.br\/institutogeologico\/wp-json\/wp\/v2\/media?parent=6793"}],"wp:term":[{"taxonomy":"category","embeddable":true,"href":"https:\/\/www.infraestruturameioambiente.sp.gov.br\/institutogeologico\/wp-json\/wp\/v2\/categories?post=6793"},{"taxonomy":"post_tag","embeddable":true,"href":"https:\/\/www.infraestruturameioambiente.sp.gov.br\/institutogeologico\/wp-json\/wp\/v2\/tags?post=6793"}],"curies":[{"name":"wp","href":"https:\/\/api.w.org\/{rel}","templated":true}]}}