{"id":6773,"date":"2011-12-07T00:00:00","date_gmt":"2011-12-07T02:00:00","guid":{"rendered":"https:\/\/www.infraestruturameioambiente.sp.gov.br\/institutogeologico\/automatico\/inscricoes-abertas-para-o-iii-seminario-estrategias-para-reducao-de-desastres-naturais-no-estado-de-sao-paulo\/"},"modified":"2011-12-07T00:00:00","modified_gmt":"2011-12-07T02:00:00","slug":"inscricoes-abertas-para-o-iii-seminario-estrategias-para-reducao-de-desastres-naturais-no-estado-de-sao-paulo","status":"publish","type":"post","link":"https:\/\/www.infraestruturameioambiente.sp.gov.br\/institutogeologico\/2011\/12\/inscricoes-abertas-para-o-iii-seminario-estrategias-para-reducao-de-desastres-naturais-no-estado-de-sao-paulo\/","title":{"rendered":"Inscri\u00e7\u00f5es abertas para o III Semin\u00e1rio Estrat\u00e9gias para Redu\u00e7\u00e3o de Desastres Naturais no Estado de S\u00e3o Paulo"},"content":{"rendered":"<div id=\"gallery-1\" class=\"gallery gallery-columns-1 gallery-size-thumbnail\">\n<dl class=\"gallery-item\">\n<dt class=\"gallery-icon\"><a href=\"https:\/\/smastr16.blob.core.windows.net\/igeo\/noticias\/igeologico\/fotos\/12_7_VVFE.jpg\" title=\"Foto: SMA\/SP\"><img decoding=\"async\" width=\"150\" src=\"https:\/\/smastr16.blob.core.windows.net\/igeo\/noticias\/igeologico\/fotos\/12_7_VVFE.jpg\" class=\"attachment-thumbnail\" alt=\"Foto: SMA\/SP\" \/><\/a><\/dt>\n<dd class=\"wp-caption-text gallery-caption\">Foto: SMA\/SP<\/dd>\n<\/dl>\n<p><br style=\"clear: both\" \/>\n<\/div>\n<p>DATA: 15 de dezembro de 2011, quinta-feira<br \/> <br \/>\nHOR\u00c1RIO: 08:30h as 17:30h.<br \/> <br \/>\nLOCAL: Audit\u00f3rio Ulysses Guimar\u00e3es \u0096 Pal\u00e1cio dos Bandeirantes<br \/> <br \/>\nAvenida Morumbi 4500 -S\u00e3o Paulo, SP<\/p>\n<p>O Instituto Geol\u00f3gico organiza este ano, em conjunto com a Coordenadoria Estadual de Defesa Civil, o III Semin\u00e1rio Estrat\u00e9gias para Redu\u00e7\u00e3o de Desastres Naturais no Estado de S\u00e3o Paulo, para comemorar 125 anos de sua atua\u00e7\u00e3o geol\u00f3gica no Estado de S\u00e3o Paulo, 36 anos de exist\u00eancia e 23 anos de atua\u00e7\u00e3o sistem\u00e1tica na \u00e1rea de desastres naturais, iniciada com o plano de preven\u00e7\u00e3o para escorregamentos nas encostas da Serra do Mar em 1988. <br \/> <br \/>\nAdicionalmente inicia-se o desafio de implementar o Decreto N\u00ba 57.512, de 11 de novembro de 2011 que instituiu o Programa Estadual de Preven\u00e7\u00e3o de Desastres Naturais e de Redu\u00e7\u00e3o de Riscos Geol\u00f3gicos do Estado de S\u00e3o Paulo.<\/p>\n<p>O III Semin\u00e1rio Estrat\u00e9gias para Redu\u00e7\u00e3o de Desastres Naturais no Estado de S\u00e3o Paulo abordar\u00e1 as pol\u00edticas dos sistemas de defesa civil dos estados de S\u00e3o Paulo, Paran\u00e1, Esp\u00edrito Santo e Rio de Janeiro e o papel dos \u00f3rg\u00e3os estaduais de geologia e de conhecimento desses mesmos estados, no gerenciamento de risco a eventos geodin\u00e2micos. Apesar do Brasil se situar em regi\u00e3o geologicamente est\u00e1vel, o aumento do n\u00famero de eventos relacionados a escorregamentos, eros\u00f5es e chuvas, e a ocupa\u00e7\u00e3o territorial de \u00e1reas inst\u00e1veis, exigem que se discutam as causas e estrat\u00e9gias para a redu\u00e7\u00e3o dos desastres naturais, desenvolvendo conhecimentos cient\u00edficos e ferramentas tecnol\u00f3gicas com essa finalidade.<\/p>\n<p>O Semin\u00e1rio Estrat\u00e9gias para Redu\u00e7\u00e3o de Desastres Naturais no Estado de S\u00e3o Paulo, realizado anualmente pelo Instituto Geol\u00f3gico, \u00e9 aberto \u00e0 toda comunidade, em especial volta-se aos gestores municipais de defesa civil, profissionais da \u00e1rea e pesquisadores. <\/p>\n<p>Maiores informa\u00e7\u00f5es: igeologico@igeologico.sp.gov.br e comunicacao@igeologico.sp.gov.br<\/p>\n<p>Inscri\u00e7\u00f5es Online: at\u00e9 14\/12\/2011, as 14:00h.<\/p>\n<p>Ficha de inscri\u00e7\u00e3o <a href=\"https:\/\/www.infraestruturameioambiente.sp.gov.br\/institutogeologico\/inscricao.asp\">CLIQUE AQUI<\/a>.<br \/> <br \/>\nPrograma\u00e7\u00e3o <a href=\"http:\/\/www3.ambiente.sp.gov.br\/eventos\/convite-151211-programa.pdf\">CLIQUE AQUI<\/a>.<\/p>\n","protected":false},"excerpt":{"rendered":"<p>Foto: SMA\/SP DATA: 15 de dezembro de 2011, quinta-feira HOR\u00c1RIO: 08:30h as 17:30h. LOCAL: Audit\u00f3rio Ulysses Guimar\u00e3es \u0096 Pal\u00e1cio dos Bandeirantes Avenida Morumbi 4500 -S\u00e3o Paulo, SP O Instituto Geol\u00f3gico organiza este ano, em conjunto com a Coordenadoria Estadual de Defesa Civil, o III Semin\u00e1rio Estrat\u00e9gias para Redu\u00e7\u00e3o de Desastres Naturais no Estado de S\u00e3o [&hellip;]<\/p>\n","protected":false},"author":1,"featured_media":0,"comment_status":"open","ping_status":"open","sticky":false,"template":"","format":"standard","meta":[],"categories":[1850],"tags":[],"_links":{"self":[{"href":"https:\/\/www.infraestruturameioambiente.sp.gov.br\/institutogeologico\/wp-json\/wp\/v2\/posts\/6773"}],"collection":[{"href":"https:\/\/www.infraestruturameioambiente.sp.gov.br\/institutogeologico\/wp-json\/wp\/v2\/posts"}],"about":[{"href":"https:\/\/www.infraestruturameioambiente.sp.gov.br\/institutogeologico\/wp-json\/wp\/v2\/types\/post"}],"author":[{"embeddable":true,"href":"https:\/\/www.infraestruturameioambiente.sp.gov.br\/institutogeologico\/wp-json\/wp\/v2\/users\/1"}],"replies":[{"embeddable":true,"href":"https:\/\/www.infraestruturameioambiente.sp.gov.br\/institutogeologico\/wp-json\/wp\/v2\/comments?post=6773"}],"version-history":[{"count":0,"href":"https:\/\/www.infraestruturameioambiente.sp.gov.br\/institutogeologico\/wp-json\/wp\/v2\/posts\/6773\/revisions"}],"wp:attachment":[{"href":"https:\/\/www.infraestruturameioambiente.sp.gov.br\/institutogeologico\/wp-json\/wp\/v2\/media?parent=6773"}],"wp:term":[{"taxonomy":"category","embeddable":true,"href":"https:\/\/www.infraestruturameioambiente.sp.gov.br\/institutogeologico\/wp-json\/wp\/v2\/categories?post=6773"},{"taxonomy":"post_tag","embeddable":true,"href":"https:\/\/www.infraestruturameioambiente.sp.gov.br\/institutogeologico\/wp-json\/wp\/v2\/tags?post=6773"}],"curies":[{"name":"wp","href":"https:\/\/api.w.org\/{rel}","templated":true}]}}