{"id":6771,"date":"2009-12-02T00:00:00","date_gmt":"2009-12-02T02:00:00","guid":{"rendered":"https:\/\/www.infraestruturameioambiente.sp.gov.br\/institutogeologico\/automatico\/levantamento-sobre-inundacoes-enchentes-e-escorregamentos-na-bacia-do-rio-paraiba-do-sul-sp-esta-sendo-realizado-pelo-instituto-geologico\/"},"modified":"2009-12-02T00:00:00","modified_gmt":"2009-12-02T02:00:00","slug":"levantamento-sobre-inundacoes-enchentes-e-escorregamentos-na-bacia-do-rio-paraiba-do-sul-sp-esta-sendo-realizado-pelo-instituto-geologico","status":"publish","type":"post","link":"https:\/\/www.infraestruturameioambiente.sp.gov.br\/institutogeologico\/2009\/12\/levantamento-sobre-inundacoes-enchentes-e-escorregamentos-na-bacia-do-rio-paraiba-do-sul-sp-esta-sendo-realizado-pelo-instituto-geologico\/","title":{"rendered":"Levantamento sobre inunda\u00e7\u00f5es, enchentes e escorregamentos na Bacia do Rio Para\u00edba do Sul (SP) est\u00e1 sendo realizado pelo Instituto Geol\u00f3gico"},"content":{"rendered":"<div id=\"gallery-1\" class=\"gallery gallery-columns-1 gallery-size-thumbnail\">\n<dl class=\"gallery-item\">\n<dt class=\"gallery-icon\"><a href=\"https:\/\/smastr16.blob.core.windows.net\/igeo\/noticias\/igeologico\/fotos\/12_2_XJAL.jpg\" title=\"Foto: IG\/SMA\"><img decoding=\"async\" width=\"150\" src=\"https:\/\/smastr16.blob.core.windows.net\/igeo\/noticias\/igeologico\/fotos\/12_2_XJAL.jpg\" class=\"attachment-thumbnail\" alt=\"Foto: IG\/SMA\" \/><\/a><\/dt>\n<dd class=\"wp-caption-text gallery-caption\">Foto: IG\/SMA<\/dd>\n<\/dl>\n<p><br style=\"clear: both\" \/>\n<\/div>\n<p>Desde outubro \u00faltimo o Instituto Geol\u00f3gico vem realizando o levantamento de dados relativos a inunda\u00e7\u00f5es, enchentes e escorregamentos na Bacia do Rio Para\u00edba do Sul, no Estado de S\u00e3o Paulo.<\/p>\n<p>Este estudo, coordenado pelo Pesquisador Paulo C\u00e9sar Fernandes da Silva, tem como objetivo auxiliar no mapeamento das \u00e1reas de risco referentes a estes eventos, com vistas a fornecer importantes subs\u00eddios \u00e0 Coordenadoria de Planejamento Ambiental da SMA para orientar a execu\u00e7\u00e3o do Zoneamento Ecol\u00f3gico-Econ\u00f4mico da Bacia do Para\u00edba do Sul (UGRHI 2).<\/p>\n<p>Numa etapa inicial est\u00e3o sendo colhidas informa\u00e7\u00f5es sobre eventos ocorridos nas \u00faltimas tr\u00eas d\u00e9cadas, al\u00e9m dos mais relevantes em termos hist\u00f3ricos, por meio de consulta (Foto) a arquivos hist\u00f3ricos, museus, jornais, peri\u00f3dicos, Prefeituras, Defesas Civis Municipais, Corpo de Bombeiros e departamentos de \u00e1gua e energia. Todas as informa\u00e7\u00f5es inventariadas constituir\u00e3o um cadastro com dados georeferenciados para an\u00e1lises posteriores, possibilitando modelagens e interrela\u00e7\u00f5es com outros temas importantes para o Zoneamento Ecol\u00f3gico-Econ\u00f4mico.<\/p>\n<p>Estrat\u00e9gias do projeto levaram a concentrar os trabalhos nos Munic\u00edpios de S\u00e3o Jos\u00e9 dos Campos, Taubat\u00e9, Pindamonhangaba e Trememb\u00e9, atentando para as caracter\u00edsticas geol\u00f3gicas e de ocupa\u00e7\u00e3o de cada unidade geopol\u00edtica. O projeto tem t\u00e9rmino previsto para 2010.<\/p>\n<p>Esta atividade insere-se no plano de a\u00e7\u00e3o 2009-2012 da \u00c1rea de Atua\u00e7\u00e3o em Desastres Naturais do Instituto Geol\u00f3gico.<\/p>\n","protected":false},"excerpt":{"rendered":"<p>Foto: IG\/SMA Desde outubro \u00faltimo o Instituto Geol\u00f3gico vem realizando o levantamento de dados relativos a inunda\u00e7\u00f5es, enchentes e escorregamentos na Bacia do Rio Para\u00edba do Sul, no Estado de S\u00e3o Paulo. Este estudo, coordenado pelo Pesquisador Paulo C\u00e9sar Fernandes da Silva, tem como objetivo auxiliar no mapeamento das \u00e1reas de risco referentes a estes [&hellip;]<\/p>\n","protected":false},"author":1,"featured_media":0,"comment_status":"open","ping_status":"open","sticky":false,"template":"","format":"standard","meta":[],"categories":[1850],"tags":[],"_links":{"self":[{"href":"https:\/\/www.infraestruturameioambiente.sp.gov.br\/institutogeologico\/wp-json\/wp\/v2\/posts\/6771"}],"collection":[{"href":"https:\/\/www.infraestruturameioambiente.sp.gov.br\/institutogeologico\/wp-json\/wp\/v2\/posts"}],"about":[{"href":"https:\/\/www.infraestruturameioambiente.sp.gov.br\/institutogeologico\/wp-json\/wp\/v2\/types\/post"}],"author":[{"embeddable":true,"href":"https:\/\/www.infraestruturameioambiente.sp.gov.br\/institutogeologico\/wp-json\/wp\/v2\/users\/1"}],"replies":[{"embeddable":true,"href":"https:\/\/www.infraestruturameioambiente.sp.gov.br\/institutogeologico\/wp-json\/wp\/v2\/comments?post=6771"}],"version-history":[{"count":0,"href":"https:\/\/www.infraestruturameioambiente.sp.gov.br\/institutogeologico\/wp-json\/wp\/v2\/posts\/6771\/revisions"}],"wp:attachment":[{"href":"https:\/\/www.infraestruturameioambiente.sp.gov.br\/institutogeologico\/wp-json\/wp\/v2\/media?parent=6771"}],"wp:term":[{"taxonomy":"category","embeddable":true,"href":"https:\/\/www.infraestruturameioambiente.sp.gov.br\/institutogeologico\/wp-json\/wp\/v2\/categories?post=6771"},{"taxonomy":"post_tag","embeddable":true,"href":"https:\/\/www.infraestruturameioambiente.sp.gov.br\/institutogeologico\/wp-json\/wp\/v2\/tags?post=6771"}],"curies":[{"name":"wp","href":"https:\/\/api.w.org\/{rel}","templated":true}]}}