{"id":6750,"date":"2011-09-02T00:00:00","date_gmt":"2011-09-02T03:00:00","guid":{"rendered":"https:\/\/www.infraestruturameioambiente.sp.gov.br\/institutogeologico\/automatico\/palestra-do-ig-sobre-prevencao-de-desastres-na-semana-de-geologia-da-unicamp\/"},"modified":"2011-09-02T00:00:00","modified_gmt":"2011-09-02T03:00:00","slug":"palestra-do-ig-sobre-prevencao-de-desastres-na-semana-de-geologia-da-unicamp","status":"publish","type":"post","link":"https:\/\/www.infraestruturameioambiente.sp.gov.br\/institutogeologico\/2011\/09\/palestra-do-ig-sobre-prevencao-de-desastres-na-semana-de-geologia-da-unicamp\/","title":{"rendered":"Palestra do IG sobre &#8220;Preven\u00e7\u00e3o de Desastres&#8221; na Semana de Geologia da UNICAMP"},"content":{"rendered":"<div id=\"gallery-1\" class=\"gallery gallery-columns-1 gallery-size-thumbnail\">\n<dl class=\"gallery-item\">\n<dt class=\"gallery-icon\"><a href=\"https:\/\/smastr16.blob.core.windows.net\/igeo\/noticias\/igeologico\/fotos\/9_2_AHKP.jpg\" title=\"Foto: Instituto Geologico\"><img decoding=\"async\" width=\"150\" src=\"https:\/\/smastr16.blob.core.windows.net\/igeo\/noticias\/igeologico\/fotos\/9_2_AHKP.jpg\" class=\"attachment-thumbnail\" alt=\"Foto: Instituto Geologico\" \/><\/a><\/dt>\n<dd class=\"wp-caption-text gallery-caption\">Foto: Instituto Geologico<\/dd>\n<\/dl>\n<p><br style=\"clear: both\" \/>\n<\/div>\n<p>O pesquisador Paulo Cesar Fernandes da Silva, do Instituto Geol\u00f3gico da Secretaria do Meio Ambiente, proferiu palestra sobre \u0093Preven\u00e7\u00e3o de Desastres\u0094 na Semana de Geologia da Unicamp (SEGEU), no \u00faltimo dia 30 de agosto a convite da Unicamp. A palestra teve foco na experi\u00eancia do IG no desenvolvimento de pol\u00edticas p\u00fablicas voltadas a Preven\u00e7\u00e3o de Desastres, principalmente nas metodologias e aplica\u00e7\u00f5es em mapeamento de \u00e1reas de risco de escorregamentos e inunda\u00e7\u00f5es. <\/p>\n<p> O pesquisador deu destaque ao apoio t\u00e9cnico na opera\u00e7\u00e3o de planos preventivos de Defesa Civil (PPDC), sabendo-se que no Estado de S\u00e3o Paulo h\u00e1 114 munic\u00edpios em monitoramento, especialmente na por\u00e7\u00e3o leste do Estado e na regi\u00e3o litor\u00e2nea. Al\u00e9m disso, o pesquisador explicou a import\u00e2ncia do apoio t\u00e9cnico-cient\u00edfico dado pela equipe do IG no atendimento emergencial nos desastres ocorridos nos estados de Santa Catariana (2008) e Alagoas (2010).<\/p>\n<p> O evento, atualmente em sua 5\u00aa edi\u00e7\u00e3o, est\u00e1 ocorrendo no per\u00edodo de 29 de agosto a 2 de setembro. O objetivo principal da Semana de Geologia \u00e9 fazer com que os alunos tenham a oportunidade de conhecer um pouco mais sobre a pr\u00e1tica de diversos campos do conhecimento geol\u00f3gico. Tem como p\u00fablico alvo os estudantes de geoci\u00eancias, principalmente da Unicamp, pesquisadores e cientistas, t\u00e9cnicos e profissionais que possuem interesse em \u00e1reas relacionadas \u00e0s Geoci\u00eancias e o p\u00fablico em geral.<\/p>\n","protected":false},"excerpt":{"rendered":"<p>Foto: Instituto Geologico O pesquisador Paulo Cesar Fernandes da Silva, do Instituto Geol\u00f3gico da Secretaria do Meio Ambiente, proferiu palestra sobre \u0093Preven\u00e7\u00e3o de Desastres\u0094 na Semana de Geologia da Unicamp (SEGEU), no \u00faltimo dia 30 de agosto a convite da Unicamp. A palestra teve foco na experi\u00eancia do IG no desenvolvimento de pol\u00edticas p\u00fablicas voltadas [&hellip;]<\/p>\n","protected":false},"author":1,"featured_media":0,"comment_status":"open","ping_status":"open","sticky":false,"template":"","format":"standard","meta":[],"categories":[1850],"tags":[],"_links":{"self":[{"href":"https:\/\/www.infraestruturameioambiente.sp.gov.br\/institutogeologico\/wp-json\/wp\/v2\/posts\/6750"}],"collection":[{"href":"https:\/\/www.infraestruturameioambiente.sp.gov.br\/institutogeologico\/wp-json\/wp\/v2\/posts"}],"about":[{"href":"https:\/\/www.infraestruturameioambiente.sp.gov.br\/institutogeologico\/wp-json\/wp\/v2\/types\/post"}],"author":[{"embeddable":true,"href":"https:\/\/www.infraestruturameioambiente.sp.gov.br\/institutogeologico\/wp-json\/wp\/v2\/users\/1"}],"replies":[{"embeddable":true,"href":"https:\/\/www.infraestruturameioambiente.sp.gov.br\/institutogeologico\/wp-json\/wp\/v2\/comments?post=6750"}],"version-history":[{"count":0,"href":"https:\/\/www.infraestruturameioambiente.sp.gov.br\/institutogeologico\/wp-json\/wp\/v2\/posts\/6750\/revisions"}],"wp:attachment":[{"href":"https:\/\/www.infraestruturameioambiente.sp.gov.br\/institutogeologico\/wp-json\/wp\/v2\/media?parent=6750"}],"wp:term":[{"taxonomy":"category","embeddable":true,"href":"https:\/\/www.infraestruturameioambiente.sp.gov.br\/institutogeologico\/wp-json\/wp\/v2\/categories?post=6750"},{"taxonomy":"post_tag","embeddable":true,"href":"https:\/\/www.infraestruturameioambiente.sp.gov.br\/institutogeologico\/wp-json\/wp\/v2\/tags?post=6750"}],"curies":[{"name":"wp","href":"https:\/\/api.w.org\/{rel}","templated":true}]}}