{"id":6749,"date":"2011-11-03T00:00:00","date_gmt":"2011-11-03T02:00:00","guid":{"rendered":"https:\/\/www.infraestruturameioambiente.sp.gov.br\/institutogeologico\/automatico\/instituto-geologico-participa-do-%c2%93workshop-sobre-patrimonio-geologico-e-geoturismo%c2%94\/"},"modified":"2011-11-03T00:00:00","modified_gmt":"2011-11-03T02:00:00","slug":"instituto-geologico-participa-do-%c2%93workshop-sobre-patrimonio-geologico-e-geoturismo%c2%94","status":"publish","type":"post","link":"https:\/\/www.infraestruturameioambiente.sp.gov.br\/institutogeologico\/2011\/11\/instituto-geologico-participa-do-%c2%93workshop-sobre-patrimonio-geologico-e-geoturismo%c2%94\/","title":{"rendered":"Instituto Geol\u00f3gico participa do \u0093Workshop sobre Patrim\u00f4nio Geol\u00f3gico e Geoturismo\u0094"},"content":{"rendered":"<div id=\"gallery-1\" class=\"gallery gallery-columns-1 gallery-size-thumbnail\">\n<dl class=\"gallery-item\">\n<dt class=\"gallery-icon\"><a href=\"https:\/\/smastr16.blob.core.windows.net\/igeo\/noticias\/igeologico\/fotos\/11_3_AGTK.jpg\" title=\"Foto: Acervo Instituto Geologico\"><img decoding=\"async\" width=\"150\" src=\"https:\/\/smastr16.blob.core.windows.net\/igeo\/noticias\/igeologico\/fotos\/11_3_AGTK.jpg\" class=\"attachment-thumbnail\" alt=\"Foto: Acervo Instituto Geologico\" \/><\/a><\/dt>\n<dd class=\"wp-caption-text gallery-caption\">Foto: Acervo Instituto Geologico<\/dd>\n<\/dl>\n<p><br style=\"clear: both\" \/>\n<\/div>\n<p>O \u0093I Workshop sobre Patrim\u00f4nio Geol\u00f3gico e Geoturismo\u0094 ocorreu no dia 24 de Outubro, no Instituto de Geoci\u00eancias da Universidade de S\u00e3o Paulo (USP).<br \/> <br \/>\n No evento, organizado pelo N\u00facleo de Apoio \u00e0 Pesquisa em Patrim\u00f4nio Geol\u00f3gico e Geoturismo\u0096 GeoHereditas, foram apresentados alguns dos projetos que vem sendo desenvolvidos pelos integrantes do N\u00facleo.<br \/> <br \/>\n Durante o evento, Rog\u00e9rio Rodrigues Ribeiro e Annabel P\u00e9rez Aguilar, pesquisadores do Instituto Geol\u00f3gico, expuseram resultados de seus trabalhos referentes, respectivamente, \u00e0 Conserva\u00e7\u00e3o do Patrim\u00f4nio Natural Geol\u00f3gico, e ao Geoparque Ciclo do Ouro (Guarulhos-SP).<br \/> <br \/>\n O N\u00facleo de Apoio \u00e0 Pesquisa em Patrim\u00f4nio Geol\u00f3gico e Geoturismo, sediado no Instituto de Geoci\u00eancias da USP, \u00e9 uma iniciativa recente da Universidade que visa fomentar e promover atividades de pesquisa, debate e extens\u00e3o nas \u00e1reas de Geoturismo, Geoconserva\u00e7\u00e3o e Educa\u00e7\u00e3o Ambiental. Mais informa\u00e7\u00f5es sobre o N\u00facleo podem ser conferidas no site do IGc-USP:<\/p>\n<p>Maiores informa\u00e7\u00f5es: <a href=\"http:\/\/www.igc.usp.br\/index.php?id=geohereditas\">CLIQUE AQUI<\/a>.<\/p>\n","protected":false},"excerpt":{"rendered":"<p>Foto: Acervo Instituto Geologico O \u0093I Workshop sobre Patrim\u00f4nio Geol\u00f3gico e Geoturismo\u0094 ocorreu no dia 24 de Outubro, no Instituto de Geoci\u00eancias da Universidade de S\u00e3o Paulo (USP). No evento, organizado pelo N\u00facleo de Apoio \u00e0 Pesquisa em Patrim\u00f4nio Geol\u00f3gico e Geoturismo\u0096 GeoHereditas, foram apresentados alguns dos projetos que vem sendo desenvolvidos pelos integrantes do [&hellip;]<\/p>\n","protected":false},"author":1,"featured_media":0,"comment_status":"open","ping_status":"open","sticky":false,"template":"","format":"standard","meta":[],"categories":[1850],"tags":[],"_links":{"self":[{"href":"https:\/\/www.infraestruturameioambiente.sp.gov.br\/institutogeologico\/wp-json\/wp\/v2\/posts\/6749"}],"collection":[{"href":"https:\/\/www.infraestruturameioambiente.sp.gov.br\/institutogeologico\/wp-json\/wp\/v2\/posts"}],"about":[{"href":"https:\/\/www.infraestruturameioambiente.sp.gov.br\/institutogeologico\/wp-json\/wp\/v2\/types\/post"}],"author":[{"embeddable":true,"href":"https:\/\/www.infraestruturameioambiente.sp.gov.br\/institutogeologico\/wp-json\/wp\/v2\/users\/1"}],"replies":[{"embeddable":true,"href":"https:\/\/www.infraestruturameioambiente.sp.gov.br\/institutogeologico\/wp-json\/wp\/v2\/comments?post=6749"}],"version-history":[{"count":0,"href":"https:\/\/www.infraestruturameioambiente.sp.gov.br\/institutogeologico\/wp-json\/wp\/v2\/posts\/6749\/revisions"}],"wp:attachment":[{"href":"https:\/\/www.infraestruturameioambiente.sp.gov.br\/institutogeologico\/wp-json\/wp\/v2\/media?parent=6749"}],"wp:term":[{"taxonomy":"category","embeddable":true,"href":"https:\/\/www.infraestruturameioambiente.sp.gov.br\/institutogeologico\/wp-json\/wp\/v2\/categories?post=6749"},{"taxonomy":"post_tag","embeddable":true,"href":"https:\/\/www.infraestruturameioambiente.sp.gov.br\/institutogeologico\/wp-json\/wp\/v2\/tags?post=6749"}],"curies":[{"name":"wp","href":"https:\/\/api.w.org\/{rel}","templated":true}]}}