{"id":6739,"date":"2012-01-11T00:00:00","date_gmt":"2012-01-11T02:00:00","guid":{"rendered":"https:\/\/www.infraestruturameioambiente.sp.gov.br\/institutogeologico\/automatico\/pesquisador-do-ig-convidado-a-ministrar-curso-para-pesquisadores-estrangeiros\/"},"modified":"2013-03-13T13:40:23","modified_gmt":"2013-03-13T16:40:23","slug":"pesquisador-do-ig-convidado-a-ministrar-curso-para-pesquisadores-estrangeiros","status":"publish","type":"post","link":"https:\/\/www.infraestruturameioambiente.sp.gov.br\/institutogeologico\/2012\/01\/pesquisador-do-ig-convidado-a-ministrar-curso-para-pesquisadores-estrangeiros\/","title":{"rendered":"Pesquisador do IG convidado a ministrar curso para pesquisadores estrangeiros"},"content":{"rendered":"<p><a href=\"https:\/\/smastr16.blob.core.windows.net\/igeo\/noticias\/igeologico\/fotos\/not.gif\"><img decoding=\"async\" loading=\"lazy\" class=\"attachment-thumbnail alignleft\" src=\"https:\/\/smastr16.blob.core.windows.net\/igeo\/noticias\/igeologico\/fotos\/not.gif\" alt=\"\" width=\"150\" height=\"151\" \/><\/a><\/p>\n<p style=\"text-align: justify\">O pesquisador Gustavo Armani, do Instituto Geol\u00f3gico (IG), a convite do Instituto Florestal, ministrar\u00e1 parte do 1\u00b0 Curso Internacional de Hidrologia Florestal, resultante da coopera\u00e7\u00e3o t\u00e9cnica Brasil\/Equador. O curso organizado pelo Instituto Florestal\/SMA ser\u00e1 oferecido a dez equatorianos profissionais das ci\u00eancias da Terra (geol\u00f3gicos, ge\u00f3grafos, engenheiros agr\u00f4nomos, etc.) e ocorrer\u00e1 em S\u00e3o Paulo e na cidade de Cunha de 15 a 28 de janeiro de 2012.<\/p>\n<p style=\"text-align: justify\">O objetivo do curso \u00e9 capacitar os t\u00e9cnicos equatorianos para o manejo de bacias hidrogr\u00e1ficas por meio da pesquisa cient\u00edfica, visando preserva\u00e7\u00e3o de \u00e1reas produtoras de \u00e1gua (mananciais).<\/p>\n<p style=\"text-align: justify\">A participa\u00e7\u00e3o do pesquisador do IG ser\u00e1 dia 18\/01, no Laborat\u00f3rio de Hidrologia Florestal Eng. Agr. Walter Emmerich, instalado no N\u00facleo Cunha do Parque Estadual da Serra do Mar, com o tema \u0093Precipita\u00e7\u00e3o em microbacia\u0094. Ser\u00e3o discutidos nesta parte do curso a forma\u00e7\u00e3o das diferentes formas de precipita\u00e7\u00e3o, quais as caracter\u00edsticas de distribui\u00e7\u00e3o espacial e temporal em microbacias hidrogr\u00e1ficas, e m\u00e9todos de medida e observa\u00e7\u00e3o das precipita\u00e7\u00f5es.<\/p>\n","protected":false},"excerpt":{"rendered":"<p>O pesquisador Gustavo Armani, do Instituto Geol\u00f3gico (IG), a convite do Instituto Florestal, ministrar\u00e1 parte do 1\u00b0 Curso Internacional de Hidrologia Florestal, resultante da coopera\u00e7\u00e3o t\u00e9cnica Brasil\/Equador. O curso organizado pelo Instituto Florestal\/SMA ser\u00e1 oferecido a dez equatorianos profissionais das ci\u00eancias da Terra (geol\u00f3gicos, ge\u00f3grafos, engenheiros agr\u00f4nomos, etc.) e ocorrer\u00e1 em S\u00e3o Paulo e na [&hellip;]<\/p>\n","protected":false},"author":1,"featured_media":0,"comment_status":"open","ping_status":"open","sticky":false,"template":"","format":"standard","meta":[],"categories":[1850],"tags":[],"_links":{"self":[{"href":"https:\/\/www.infraestruturameioambiente.sp.gov.br\/institutogeologico\/wp-json\/wp\/v2\/posts\/6739"}],"collection":[{"href":"https:\/\/www.infraestruturameioambiente.sp.gov.br\/institutogeologico\/wp-json\/wp\/v2\/posts"}],"about":[{"href":"https:\/\/www.infraestruturameioambiente.sp.gov.br\/institutogeologico\/wp-json\/wp\/v2\/types\/post"}],"author":[{"embeddable":true,"href":"https:\/\/www.infraestruturameioambiente.sp.gov.br\/institutogeologico\/wp-json\/wp\/v2\/users\/1"}],"replies":[{"embeddable":true,"href":"https:\/\/www.infraestruturameioambiente.sp.gov.br\/institutogeologico\/wp-json\/wp\/v2\/comments?post=6739"}],"version-history":[{"count":6,"href":"https:\/\/www.infraestruturameioambiente.sp.gov.br\/institutogeologico\/wp-json\/wp\/v2\/posts\/6739\/revisions"}],"predecessor-version":[{"id":8014,"href":"https:\/\/www.infraestruturameioambiente.sp.gov.br\/institutogeologico\/wp-json\/wp\/v2\/posts\/6739\/revisions\/8014"}],"wp:attachment":[{"href":"https:\/\/www.infraestruturameioambiente.sp.gov.br\/institutogeologico\/wp-json\/wp\/v2\/media?parent=6739"}],"wp:term":[{"taxonomy":"category","embeddable":true,"href":"https:\/\/www.infraestruturameioambiente.sp.gov.br\/institutogeologico\/wp-json\/wp\/v2\/categories?post=6739"},{"taxonomy":"post_tag","embeddable":true,"href":"https:\/\/www.infraestruturameioambiente.sp.gov.br\/institutogeologico\/wp-json\/wp\/v2\/tags?post=6739"}],"curies":[{"name":"wp","href":"https:\/\/api.w.org\/{rel}","templated":true}]}}