{"id":6734,"date":"2010-11-05T00:00:00","date_gmt":"2010-11-05T02:00:00","guid":{"rendered":"https:\/\/www.infraestruturameioambiente.sp.gov.br\/institutogeologico\/automatico\/instituto-geologico-expande-suas-instalacoes\/"},"modified":"2010-11-05T00:00:00","modified_gmt":"2010-11-05T02:00:00","slug":"instituto-geologico-expande-suas-instalacoes","status":"publish","type":"post","link":"https:\/\/www.infraestruturameioambiente.sp.gov.br\/institutogeologico\/2010\/11\/instituto-geologico-expande-suas-instalacoes\/","title":{"rendered":"Instituto Geol\u00f3gico expande suas instala\u00e7\u00f5es"},"content":{"rendered":"<div id=\"gallery-1\" class=\"gallery gallery-columns-1 gallery-size-thumbnail\">\n<dl class=\"gallery-item\">\n<dt class=\"gallery-icon\"><a href=\"https:\/\/smastr16.blob.core.windows.net\/igeo\/noticias\/igeologico\/fotos\/11_5_PPGJ.jpg\" title=\"Foto: IG\"><img decoding=\"async\" width=\"150\" src=\"https:\/\/smastr16.blob.core.windows.net\/igeo\/noticias\/igeologico\/fotos\/11_5_PPGJ.jpg\" class=\"attachment-thumbnail\" alt=\"Foto: IG\" \/><\/a><\/dt>\n<dd class=\"wp-caption-text gallery-caption\">Foto: IG<\/dd>\n<\/dl>\n<p><br style=\"clear: both\" \/>\n<\/div>\n<p>Para modernizar e ampliar as instala\u00e7\u00f5es de pesquisa cient\u00edfica e laboratorial, o Instituto Geol\u00f3gico expandiu sua sede administrativa em 6.350 m2, como parte das a\u00e7\u00f5es de fortalecimento e consolida\u00e7\u00e3o do instituto como \u00f3rg\u00e3o de Geologia do Estado de S\u00e3o Paulo. Com a publica\u00e7\u00e3o do Decreto N\u00ba 56.365 de 01 de novembro de 2010 do Governador do Estado de S\u00e3o Paulo (DOE de 02.11.2010), foi transferida a administra\u00e7\u00e3o para o Instituto Geol\u00f3gico de 13.450 m2 de im\u00f3vel localizado no Parque Estadual Fontes do Ipiranga. O novo espa\u00e7o destinado \u00e0 institui\u00e7\u00e3o permitir\u00e1 adequar melhor as instala\u00e7\u00f5es de pesquisa e administrativas, al\u00e9m de viabilizar a instala\u00e7\u00e3o de novos laborat\u00f3rios e ambientes destinados a divulga\u00e7\u00e3o e visita\u00e7\u00e3o p\u00fablica.<\/p>\n<p>Uma das instala\u00e7\u00f5es previstas para a nova \u00e1rea \u00e9 o Laborat\u00f3rio Litoteca, que dever\u00e1 ocupar uma \u00e1rea de 3.350 m2. A Litoteca abrigar\u00e1 a \u0093Cole\u00e7\u00e3o Cient\u00edfica Geol\u00f3gica do Estado de S\u00e3o Paulo\u0094, composta principalmente por amostras provenientes de pesquisas realizadas nos Instituto Geol\u00f3gico nos \u00faltimos 30 anos: rochas, sedimentos e testemunhos de sondagem geol\u00f3gica do Estado de S\u00e3o Paulo. O Laborat\u00f3rio Litoteca vai viabilizar a manuten\u00e7\u00e3o de amostras geol\u00f3gicas oriundas de outras institui\u00e7\u00f5es, al\u00e9m de gerenciar o Banco de Dados Geol\u00f3gicos do Estado de S\u00e3o Paulo e estabelecer uma pol\u00edtica p\u00fablica de uso cient\u00edfico da cole\u00e7\u00e3o e suas instala\u00e7\u00f5es laboratoriais. A \u0093Cole\u00e7\u00e3o Cient\u00edfica Geol\u00f3gica do Estado de S\u00e3o Paulo\u0094 tamb\u00e9m poder\u00e1 ser a fiel deposit\u00e1ria das amostras geol\u00f3gicas coletadas no Estado de S\u00e3o Paulo, garantindo o acesso de estudos futuros para pesquisadores cient\u00edficos de diversos \u00f3rg\u00e3os e entidades.<\/p>\n<p>Al\u00e9m da Litoteca s\u00e3o previstas instala\u00e7\u00f5es especificas para a organiza\u00e7\u00e3o e divulga\u00e7\u00e3o de acervo hist\u00f3rico e atividades de divulga\u00e7\u00e3o de Geoci\u00eancias, para receber o p\u00fablico em geral.<\/p>\n<p>Essas e outras a\u00e7\u00f5es permitir\u00e3o consolidar e ampliar as atividades t\u00e9cnicas e de pesquisa do Instituto Geol\u00f3gico, al\u00e9m de permitir sintonia com as diretrizes e atividades relativas ao PEFI, onde a \u00e1rea est\u00e1 inserida. <\/p>\n<p>O decreto assinado pelo governador atende antiga reinvidica\u00e7\u00e3o dos funcion\u00e1rios do IG, que foi encampada pela Secretaria do Meio Ambiente e articulada com a Secretaria de Agricultura e Abastecimento, que tamb\u00e9m est\u00e1 situada na \u00e1rea.<\/p>\n","protected":false},"excerpt":{"rendered":"<p>Foto: IG Para modernizar e ampliar as instala\u00e7\u00f5es de pesquisa cient\u00edfica e laboratorial, o Instituto Geol\u00f3gico expandiu sua sede administrativa em 6.350 m2, como parte das a\u00e7\u00f5es de fortalecimento e consolida\u00e7\u00e3o do instituto como \u00f3rg\u00e3o de Geologia do Estado de S\u00e3o Paulo. Com a publica\u00e7\u00e3o do Decreto N\u00ba 56.365 de 01 de novembro de 2010 [&hellip;]<\/p>\n","protected":false},"author":1,"featured_media":0,"comment_status":"open","ping_status":"open","sticky":false,"template":"","format":"standard","meta":[],"categories":[1850],"tags":[],"_links":{"self":[{"href":"https:\/\/www.infraestruturameioambiente.sp.gov.br\/institutogeologico\/wp-json\/wp\/v2\/posts\/6734"}],"collection":[{"href":"https:\/\/www.infraestruturameioambiente.sp.gov.br\/institutogeologico\/wp-json\/wp\/v2\/posts"}],"about":[{"href":"https:\/\/www.infraestruturameioambiente.sp.gov.br\/institutogeologico\/wp-json\/wp\/v2\/types\/post"}],"author":[{"embeddable":true,"href":"https:\/\/www.infraestruturameioambiente.sp.gov.br\/institutogeologico\/wp-json\/wp\/v2\/users\/1"}],"replies":[{"embeddable":true,"href":"https:\/\/www.infraestruturameioambiente.sp.gov.br\/institutogeologico\/wp-json\/wp\/v2\/comments?post=6734"}],"version-history":[{"count":0,"href":"https:\/\/www.infraestruturameioambiente.sp.gov.br\/institutogeologico\/wp-json\/wp\/v2\/posts\/6734\/revisions"}],"wp:attachment":[{"href":"https:\/\/www.infraestruturameioambiente.sp.gov.br\/institutogeologico\/wp-json\/wp\/v2\/media?parent=6734"}],"wp:term":[{"taxonomy":"category","embeddable":true,"href":"https:\/\/www.infraestruturameioambiente.sp.gov.br\/institutogeologico\/wp-json\/wp\/v2\/categories?post=6734"},{"taxonomy":"post_tag","embeddable":true,"href":"https:\/\/www.infraestruturameioambiente.sp.gov.br\/institutogeologico\/wp-json\/wp\/v2\/tags?post=6734"}],"curies":[{"name":"wp","href":"https:\/\/api.w.org\/{rel}","templated":true}]}}