{"id":6733,"date":"2010-03-25T00:00:00","date_gmt":"2010-03-25T03:00:00","guid":{"rendered":"https:\/\/www.infraestruturameioambiente.sp.gov.br\/institutogeologico\/automatico\/ig-inicia-participacao-nas-atividades-do-cbh-ln-em-2010\/"},"modified":"2010-03-25T00:00:00","modified_gmt":"2010-03-25T03:00:00","slug":"ig-inicia-participacao-nas-atividades-do-cbh-ln-em-2010","status":"publish","type":"post","link":"https:\/\/www.infraestruturameioambiente.sp.gov.br\/institutogeologico\/2010\/03\/ig-inicia-participacao-nas-atividades-do-cbh-ln-em-2010\/","title":{"rendered":"IG inicia participa\u00e7\u00e3o nas atividades do CBH-LN em 2010"},"content":{"rendered":"<div id=\"gallery-1\" class=\"gallery gallery-columns-1 gallery-size-thumbnail\">\n<dl class=\"gallery-item\">\n<dt class=\"gallery-icon\"><a href=\"https:\/\/smastr16.blob.core.windows.net\/igeo\/noticias\/igeologico\/fotos\/3_25_REVC.jpg\" title=\"Foto: Assessoria de Comunica\u00e7\u00e3o Prefeitura de Ubatuba\"><img decoding=\"async\" width=\"150\" src=\"https:\/\/smastr16.blob.core.windows.net\/igeo\/noticias\/igeologico\/fotos\/3_25_REVC.jpg\" class=\"attachment-thumbnail\" alt=\"Foto: Assessoria de Comunica\u00e7\u00e3o Prefeitura de Ubatuba\" \/><\/a><\/dt>\n<dd class=\"wp-caption-text gallery-caption\">Foto: Assessoria de Comunica\u00e7\u00e3o Prefeitura de Ubatuba<\/dd>\n<\/dl>\n<p><br style=\"clear: both\" \/>\n<\/div>\n<p>O Instituto Geol\u00f3gico, por meio do pesquisador Cl\u00e1udio Jos\u00e9 Ferreira, participou da primeira reuni\u00e3o plen\u00e1ria do Comit\u00ea de Bacias do Litoral Norte, realizada em 19 de mar\u00e7o de 2010, em Ubatuba. A reuni\u00e3o teve como pauta palestras e discuss\u00e3o sobre o tema \u0093Pagamentos por Servi\u00e7os Ambientais\u0094, agenda de trabalho para 2010 das CT&#8217;s e GT\u00b4s e aprecia\u00e7\u00e3o preliminar da minuta de Delibera\u00e7\u00e3o de Cobran\u00e7a pelo Uso da \u00c1gua, na qual prev\u00ea-se preliminarmente, uma arrecada\u00e7\u00e3o de cerca de R$3 milh\u00f5es. Na ocasi\u00e3o foram distribu\u00eddas as publica\u00e7\u00f5es \u0093Desastres Naturais &#8211; conhecer para prevenir\u0094 e \u0093O Instituto Geol\u00f3gico na Preven\u00e7\u00e3o de Desastres\u0094 e uma cole\u00e7\u00e3o de marcadores sobre desastres naturais, recentemente produzidos pelo Instituto Geol\u00f3gico. <\/p>\n<p>Na semana seguinte, em 24 de mar\u00e7o, ocorreu a reuni\u00e3o mensal da C\u00e2mara T\u00e9cnica de Planejamento e Assuntos Institucionais, na qual foram estabelecidos procedimentos para atualiza\u00e7\u00e3o do Plano de Bacias e Relat\u00f3rio de Situa\u00e7\u00e3o, discutidos os temas de avalia\u00e7\u00e3o de projetos Fehidro e oportunidade de cria\u00e7\u00e3o da Ag\u00eancia de Bacias do Litoral Norte. Informou-se a retomada dos trabalhos do grupo do Gerenciamento Costeiro, sob a coordena\u00e7\u00e3o de Luiz Roberto Numa de Oliveira, da CPLA, a participa\u00e7\u00e3o do CBH-LN no grupos: APA Marinha, Conselho Gestor do Parque Estadual da Serra do Mar, GT-USP-Pesquisa Litoral Norte e Plano de Prepara\u00e7\u00e3o, Preven\u00e7\u00e3o e Resposta R\u00e1pida a Acidentes Naturais e Tecnol\u00f3gicos (P2R2) do Litoral Norte. <\/p>\n<p>Outro importante tema da pauta foi a apresenta\u00e7\u00e3o do portal do CBH-LN, objeto do projeto \u0093Modelagem de Sistema de Informa\u00e7\u00e3o e implanta\u00e7\u00e3o de portal WEB para o CBH-LN\u0094 pela equipe do projeto.<\/p>\n","protected":false},"excerpt":{"rendered":"<p>Foto: Assessoria de Comunica\u00e7\u00e3o Prefeitura de Ubatuba O Instituto Geol\u00f3gico, por meio do pesquisador Cl\u00e1udio Jos\u00e9 Ferreira, participou da primeira reuni\u00e3o plen\u00e1ria do Comit\u00ea de Bacias do Litoral Norte, realizada em 19 de mar\u00e7o de 2010, em Ubatuba. A reuni\u00e3o teve como pauta palestras e discuss\u00e3o sobre o tema \u0093Pagamentos por Servi\u00e7os Ambientais\u0094, agenda de [&hellip;]<\/p>\n","protected":false},"author":1,"featured_media":0,"comment_status":"open","ping_status":"open","sticky":false,"template":"","format":"standard","meta":[],"categories":[1850],"tags":[],"_links":{"self":[{"href":"https:\/\/www.infraestruturameioambiente.sp.gov.br\/institutogeologico\/wp-json\/wp\/v2\/posts\/6733"}],"collection":[{"href":"https:\/\/www.infraestruturameioambiente.sp.gov.br\/institutogeologico\/wp-json\/wp\/v2\/posts"}],"about":[{"href":"https:\/\/www.infraestruturameioambiente.sp.gov.br\/institutogeologico\/wp-json\/wp\/v2\/types\/post"}],"author":[{"embeddable":true,"href":"https:\/\/www.infraestruturameioambiente.sp.gov.br\/institutogeologico\/wp-json\/wp\/v2\/users\/1"}],"replies":[{"embeddable":true,"href":"https:\/\/www.infraestruturameioambiente.sp.gov.br\/institutogeologico\/wp-json\/wp\/v2\/comments?post=6733"}],"version-history":[{"count":0,"href":"https:\/\/www.infraestruturameioambiente.sp.gov.br\/institutogeologico\/wp-json\/wp\/v2\/posts\/6733\/revisions"}],"wp:attachment":[{"href":"https:\/\/www.infraestruturameioambiente.sp.gov.br\/institutogeologico\/wp-json\/wp\/v2\/media?parent=6733"}],"wp:term":[{"taxonomy":"category","embeddable":true,"href":"https:\/\/www.infraestruturameioambiente.sp.gov.br\/institutogeologico\/wp-json\/wp\/v2\/categories?post=6733"},{"taxonomy":"post_tag","embeddable":true,"href":"https:\/\/www.infraestruturameioambiente.sp.gov.br\/institutogeologico\/wp-json\/wp\/v2\/tags?post=6733"}],"curies":[{"name":"wp","href":"https:\/\/api.w.org\/{rel}","templated":true}]}}