{"id":6728,"date":"2009-10-27T00:00:00","date_gmt":"2009-10-27T02:00:00","guid":{"rendered":"https:\/\/www.infraestruturameioambiente.sp.gov.br\/institutogeologico\/automatico\/comites-de-bacias-estaduais-discutem-a-elaboracao-do-relatorio-de-situacao-2009\/"},"modified":"2009-10-27T00:00:00","modified_gmt":"2009-10-27T02:00:00","slug":"comites-de-bacias-estaduais-discutem-a-elaboracao-do-relatorio-de-situacao-2009","status":"publish","type":"post","link":"https:\/\/www.infraestruturameioambiente.sp.gov.br\/institutogeologico\/2009\/10\/comites-de-bacias-estaduais-discutem-a-elaboracao-do-relatorio-de-situacao-2009\/","title":{"rendered":"Comit\u00eas de Bacias Estaduais discutem a elabora\u00e7\u00e3o do Relat\u00f3rio de Situa\u00e7\u00e3o 2009"},"content":{"rendered":"<div id=\"gallery-1\" class=\"gallery gallery-columns-1 gallery-size-thumbnail\">\n<dl class=\"gallery-item\">\n<dt class=\"gallery-icon\"><a href=\"https:\/\/smastr16.blob.core.windows.net\/igeo\/noticias\/igeologico\/fotos\/10_27_DIKJ.jpg\" title=\"Foto: IG\/SMA\"><img decoding=\"async\" width=\"150\" src=\"https:\/\/smastr16.blob.core.windows.net\/igeo\/noticias\/igeologico\/fotos\/10_27_DIKJ.jpg\" class=\"attachment-thumbnail\" alt=\"Foto: IG\/SMA\" \/><\/a><\/dt>\n<dd class=\"wp-caption-text gallery-caption\">Foto: IG\/SMA<\/dd>\n<\/dl>\n<p><br style=\"clear: both\" \/>\n<\/div>\n<p>Realizou-se em Itu, em 08\/10\/2009, encontro de representantes de todos os comit\u00eas de bacia do Estado de S\u00e3o Paulo, incluindo o do Litoral Norte (CBH-LN), no qual o INSTITUTO GEOL\u00d3GICO \u00e9 um dos representantes do segmento Estado. <\/p>\n<p>Inicialmente houve apresenta\u00e7\u00e3o e avalia\u00e7\u00e3o do Relat\u00f3rio Estadual de Situa\u00e7\u00e3o dos Recursos H\u00eddricos de 2008, o primeiro elaborado com base em indicadores de For\u00e7a-Motriz, Press\u00e3o, Estado, Impacto e Resposta. Seguiu-se a discuss\u00e3o dos dados para os relat\u00f3rios de situa\u00e7\u00e3o 2009. As equipes de cada comit\u00ea presente trabalharam os dados preliminares e discutiram as inova\u00e7\u00f5es sugeridas. Marcou-se para 30 de outubro, em Ubatuba, reuni\u00e3o da C\u00e2mara T\u00e9cnica de Planejamento e Assuntos Institucionais (CT-PAI) do CBH-LN com a equipe da Coordenadoria dos Recursos H\u00eddricos da SMA para continuidade dos trabalhos. <\/p>\n<p>O assunto foi tratado ainda, na reuni\u00e3o ordin\u00e1ria da CT-PAI, de 14\/10\/2009, na qual destacou-se o uso do Relat\u00f3rio de Situa\u00e7\u00e3o como instrumento de avalia\u00e7\u00e3o e monitoramento das prioridades do Plano de Bacia.<\/p>\n<p>O INSTITUTO GEOL\u00d3GICO ser\u00e1 o respons\u00e1vel pelo fornecimento dos dados referente aos indicadores \u00e1rea de solo exposto e fei\u00e7\u00f5es erosivas lineares para as \u00e1reas de encosta do Litoral Norte, os quais s\u00e3o produto de projeto de p\u00f3s doutoramento do Pesquisador Claudio Jos\u00e9 Ferreira (\u0093Defini\u00e7\u00e3o de geoindicadores e quantifica\u00e7\u00e3o num\u00e9rica da degrada\u00e7\u00e3o ambiental devido \u00e0 extra\u00e7\u00e3o mineral no Litoral Norte do Estado de S\u00e3o Paulo\u0094), finalizado no in\u00edcio de 2009. A participa\u00e7\u00e3o e apoio institucional tamb\u00e9m ocorrer\u00e3o na elabora\u00e7\u00e3o do Relat\u00f3rio de Situa\u00e7\u00e3o e da revis\u00e3o do Plano de Bacia do CBH-LN.<\/p>\n","protected":false},"excerpt":{"rendered":"<p>Foto: IG\/SMA Realizou-se em Itu, em 08\/10\/2009, encontro de representantes de todos os comit\u00eas de bacia do Estado de S\u00e3o Paulo, incluindo o do Litoral Norte (CBH-LN), no qual o INSTITUTO GEOL\u00d3GICO \u00e9 um dos representantes do segmento Estado. Inicialmente houve apresenta\u00e7\u00e3o e avalia\u00e7\u00e3o do Relat\u00f3rio Estadual de Situa\u00e7\u00e3o dos Recursos H\u00eddricos de 2008, o [&hellip;]<\/p>\n","protected":false},"author":1,"featured_media":0,"comment_status":"open","ping_status":"open","sticky":false,"template":"","format":"standard","meta":[],"categories":[1850],"tags":[],"_links":{"self":[{"href":"https:\/\/www.infraestruturameioambiente.sp.gov.br\/institutogeologico\/wp-json\/wp\/v2\/posts\/6728"}],"collection":[{"href":"https:\/\/www.infraestruturameioambiente.sp.gov.br\/institutogeologico\/wp-json\/wp\/v2\/posts"}],"about":[{"href":"https:\/\/www.infraestruturameioambiente.sp.gov.br\/institutogeologico\/wp-json\/wp\/v2\/types\/post"}],"author":[{"embeddable":true,"href":"https:\/\/www.infraestruturameioambiente.sp.gov.br\/institutogeologico\/wp-json\/wp\/v2\/users\/1"}],"replies":[{"embeddable":true,"href":"https:\/\/www.infraestruturameioambiente.sp.gov.br\/institutogeologico\/wp-json\/wp\/v2\/comments?post=6728"}],"version-history":[{"count":0,"href":"https:\/\/www.infraestruturameioambiente.sp.gov.br\/institutogeologico\/wp-json\/wp\/v2\/posts\/6728\/revisions"}],"wp:attachment":[{"href":"https:\/\/www.infraestruturameioambiente.sp.gov.br\/institutogeologico\/wp-json\/wp\/v2\/media?parent=6728"}],"wp:term":[{"taxonomy":"category","embeddable":true,"href":"https:\/\/www.infraestruturameioambiente.sp.gov.br\/institutogeologico\/wp-json\/wp\/v2\/categories?post=6728"},{"taxonomy":"post_tag","embeddable":true,"href":"https:\/\/www.infraestruturameioambiente.sp.gov.br\/institutogeologico\/wp-json\/wp\/v2\/tags?post=6728"}],"curies":[{"name":"wp","href":"https:\/\/api.w.org\/{rel}","templated":true}]}}