{"id":6717,"date":"2009-10-28T00:00:00","date_gmt":"2009-10-28T02:00:00","guid":{"rendered":"https:\/\/www.infraestruturameioambiente.sp.gov.br\/institutogeologico\/automatico\/desastres-naturais-e-riscos-geoambientais-sao-temas-do-curso-de-fundamentos-em-geociencias\/"},"modified":"2009-10-28T00:00:00","modified_gmt":"2009-10-28T02:00:00","slug":"desastres-naturais-e-riscos-geoambientais-sao-temas-do-curso-de-fundamentos-em-geociencias","status":"publish","type":"post","link":"https:\/\/www.infraestruturameioambiente.sp.gov.br\/institutogeologico\/2009\/10\/desastres-naturais-e-riscos-geoambientais-sao-temas-do-curso-de-fundamentos-em-geociencias\/","title":{"rendered":"Desastres Naturais e Riscos Geoambientais s\u00e3o temas do curso de Fundamentos em Geoci\u00eancias"},"content":{"rendered":"<div id=\"gallery-1\" class=\"gallery gallery-columns-1 gallery-size-thumbnail\">\n<dl class=\"gallery-item\">\n<dt class=\"gallery-icon\"><a href=\"https:\/\/smastr16.blob.core.windows.net\/igeo\/noticias\/igeologico\/fotos\/10_28_NFKM.jpg\" title=\"Foto: IG\/SMA\"><img decoding=\"async\" width=\"150\" src=\"https:\/\/smastr16.blob.core.windows.net\/igeo\/noticias\/igeologico\/fotos\/10_28_NFKM.jpg\" class=\"attachment-thumbnail\" alt=\"Foto: IG\/SMA\" \/><\/a><\/dt>\n<dd class=\"wp-caption-text gallery-caption\">Foto: IG\/SMA<\/dd>\n<\/dl>\n<p><br style=\"clear: both\" \/>\n<\/div>\n<p>Com o objetivo de treinar e capacitar t\u00e9cnicos da Secretaria do Meio Ambiente nos conceitos b\u00e1sicos e aplicados das Geoci\u00eancias est\u00e1 sendo oferecido pelo Instituto Geol\u00f3gico o Curso \u0093Fundamentos em Geoci\u00eancias\u0094.<\/p>\n<p>Dando continuidade \u00e0s atividades previstas no curso, foi ministrada em 27 de outubro, a disciplina \u0093Desastres Naturais e Riscos Geoambientais\u0094. Seu principal objetivo foi apresentar o cen\u00e1rio e o escopo da avalia\u00e7\u00e3o e preven\u00e7\u00e3o de desastres naturais e dos riscos associados; fornecer os fundamentos para a caracteriza\u00e7\u00e3o, a an\u00e1lise e a defini\u00e7\u00e3o de mecanismos e procedimentos de gerenciamento de riscos; permitir a identifica\u00e7\u00e3o, a avalia\u00e7\u00e3o e o encaminhamento de a\u00e7\u00f5es relacionadas \u00e0 preven\u00e7\u00e3o de desastres naturais e riscos associados. A tem\u00e1tica abordada reveste-se de import\u00e2ncia uma vez que a preven\u00e7\u00e3o de desastres naturais constitui a\u00e7\u00e3o fundamental para a gest\u00e3o ambiental do territ\u00f3rio, com vistas a minimizar perdas de vidas e s\u00f3cio-econ\u00f4micas e ambientais. <\/p>\n<p>O tema foi abordado pelos pesquisadores Daniela G\u00edrio Marchiori Faria, Rodolfo Moreda Mendes e L\u00eddia Keiko Tominaga.<\/p>\n<p>A dissemina\u00e7\u00e3o de conhecimentos sobre este tema insere-se no plano de a\u00e7\u00e3o 2009-2012 da \u00c1rea de Atua\u00e7\u00e3o em Desastres Naturais do IG.<\/p>\n","protected":false},"excerpt":{"rendered":"<p>Foto: IG\/SMA Com o objetivo de treinar e capacitar t\u00e9cnicos da Secretaria do Meio Ambiente nos conceitos b\u00e1sicos e aplicados das Geoci\u00eancias est\u00e1 sendo oferecido pelo Instituto Geol\u00f3gico o Curso \u0093Fundamentos em Geoci\u00eancias\u0094. Dando continuidade \u00e0s atividades previstas no curso, foi ministrada em 27 de outubro, a disciplina \u0093Desastres Naturais e Riscos Geoambientais\u0094. Seu principal [&hellip;]<\/p>\n","protected":false},"author":1,"featured_media":0,"comment_status":"open","ping_status":"open","sticky":false,"template":"","format":"standard","meta":[],"categories":[1850],"tags":[],"_links":{"self":[{"href":"https:\/\/www.infraestruturameioambiente.sp.gov.br\/institutogeologico\/wp-json\/wp\/v2\/posts\/6717"}],"collection":[{"href":"https:\/\/www.infraestruturameioambiente.sp.gov.br\/institutogeologico\/wp-json\/wp\/v2\/posts"}],"about":[{"href":"https:\/\/www.infraestruturameioambiente.sp.gov.br\/institutogeologico\/wp-json\/wp\/v2\/types\/post"}],"author":[{"embeddable":true,"href":"https:\/\/www.infraestruturameioambiente.sp.gov.br\/institutogeologico\/wp-json\/wp\/v2\/users\/1"}],"replies":[{"embeddable":true,"href":"https:\/\/www.infraestruturameioambiente.sp.gov.br\/institutogeologico\/wp-json\/wp\/v2\/comments?post=6717"}],"version-history":[{"count":0,"href":"https:\/\/www.infraestruturameioambiente.sp.gov.br\/institutogeologico\/wp-json\/wp\/v2\/posts\/6717\/revisions"}],"wp:attachment":[{"href":"https:\/\/www.infraestruturameioambiente.sp.gov.br\/institutogeologico\/wp-json\/wp\/v2\/media?parent=6717"}],"wp:term":[{"taxonomy":"category","embeddable":true,"href":"https:\/\/www.infraestruturameioambiente.sp.gov.br\/institutogeologico\/wp-json\/wp\/v2\/categories?post=6717"},{"taxonomy":"post_tag","embeddable":true,"href":"https:\/\/www.infraestruturameioambiente.sp.gov.br\/institutogeologico\/wp-json\/wp\/v2\/tags?post=6717"}],"curies":[{"name":"wp","href":"https:\/\/api.w.org\/{rel}","templated":true}]}}