{"id":6716,"date":"2010-11-26T00:00:00","date_gmt":"2010-11-26T02:00:00","guid":{"rendered":"https:\/\/www.infraestruturameioambiente.sp.gov.br\/institutogeologico\/automatico\/i-sigma-%c2%96-simposio-geociencias-e-meio-ambiente\/"},"modified":"2014-06-27T14:52:24","modified_gmt":"2014-06-27T17:52:24","slug":"i-sigma-%c2%96-simposio-geociencias-e-meio-ambiente","status":"publish","type":"post","link":"https:\/\/www.infraestruturameioambiente.sp.gov.br\/institutogeologico\/2010\/11\/i-sigma-%c2%96-simposio-geociencias-e-meio-ambiente\/","title":{"rendered":"I SIGMA \u0096 Simp\u00f3sio Geoci\u00eancias e Meio Ambiente"},"content":{"rendered":"<p style=\"text-align: justify\">O Instituto Geol\u00f3gico (IG) organiza este ano o 1\u00b0 SIGMA &#8211; Simp\u00f3sio Geoci\u00eancias e Meio Ambiente, para comemorar 124 anos de sua atua\u00e7\u00e3o geol\u00f3gica no Estado de S\u00e3o Paulo, 35 anos de sua exist\u00eancia como IG e 22 anos de atua\u00e7\u00e3o sistem\u00e1tica na \u00e1rea de desastres naturais, iniciada com o plano de preven\u00e7\u00e3o para escorregamentos nas encostas da Serra do Mar em 1988.<\/p>\n<p style=\"text-align: justify\">Durante o I SIGMA ocorrer\u00e1 no dia 08\/12 o II Semin\u00e1rio \u0093Estrat\u00e9gias para Redu\u00e7\u00e3o de Desastres Naturais no Estado de S\u00e3o Paulo\u0094. No dia 09\/12 ser\u00e1 a oportunidade de conhecer as a\u00e7\u00f5es desenvolvidas em nosso pa\u00eds voltadas \u00e0 pesquisa, conserva\u00e7\u00e3o e divulga\u00e7\u00e3o de nossa geodiversidade, com \u00eanfase em nosso rico patrim\u00f4nio natural geol\u00f3gico com o I Semin\u00e1rio &#8211; Preservando a Geodiversidade.<\/p>\n<p style=\"text-align: justify\">O 1\u00b0 SIGMA contar\u00e1 com a participa\u00e7\u00e3o de diversas entidades e palestrantes relacionados \u00e0 \u00e1rea de Geoci\u00eancias e Meio Ambiente, provenientes de universidades, entidades p\u00fablicas e privadas de diversos Estados brasileiros. Ser\u00e3o promovidas discuss\u00f5es de temas priorit\u00e1rios em Meio Ambiente e a preserva\u00e7\u00e3o da geodiversidade paulista e brasileira.<\/p>\n<p style=\"text-align: justify\">O SIGMA \u00e9 um simp\u00f3sio que ser\u00e1 realizado anualmente pelo Instituto Geol\u00f3gico, aberto \u00e0 toda comunidade. Este ano o IG escolheu as depend\u00eancias da Secretaria do Meio Ambiente do Governo do Estado de S\u00e3o Paulo (SMA-SP) para sua realiza\u00e7\u00e3o, entre os dias 08 e 09 de dezembro de 2010.<\/p>\n","protected":false},"excerpt":{"rendered":"<p>O Instituto Geol\u00f3gico (IG) organiza este ano o 1\u00b0 SIGMA &#8211; Simp\u00f3sio Geoci\u00eancias e Meio Ambiente, para comemorar 124 anos de sua atua\u00e7\u00e3o geol\u00f3gica no Estado de S\u00e3o Paulo, 35 anos de sua exist\u00eancia como IG e 22 anos de atua\u00e7\u00e3o sistem\u00e1tica na \u00e1rea de desastres naturais, iniciada com o plano de preven\u00e7\u00e3o para escorregamentos [&hellip;]<\/p>\n","protected":false},"author":1,"featured_media":0,"comment_status":"open","ping_status":"open","sticky":false,"template":"","format":"standard","meta":[],"categories":[1850],"tags":[],"_links":{"self":[{"href":"https:\/\/www.infraestruturameioambiente.sp.gov.br\/institutogeologico\/wp-json\/wp\/v2\/posts\/6716"}],"collection":[{"href":"https:\/\/www.infraestruturameioambiente.sp.gov.br\/institutogeologico\/wp-json\/wp\/v2\/posts"}],"about":[{"href":"https:\/\/www.infraestruturameioambiente.sp.gov.br\/institutogeologico\/wp-json\/wp\/v2\/types\/post"}],"author":[{"embeddable":true,"href":"https:\/\/www.infraestruturameioambiente.sp.gov.br\/institutogeologico\/wp-json\/wp\/v2\/users\/1"}],"replies":[{"embeddable":true,"href":"https:\/\/www.infraestruturameioambiente.sp.gov.br\/institutogeologico\/wp-json\/wp\/v2\/comments?post=6716"}],"version-history":[{"count":4,"href":"https:\/\/www.infraestruturameioambiente.sp.gov.br\/institutogeologico\/wp-json\/wp\/v2\/posts\/6716\/revisions"}],"predecessor-version":[{"id":9269,"href":"https:\/\/www.infraestruturameioambiente.sp.gov.br\/institutogeologico\/wp-json\/wp\/v2\/posts\/6716\/revisions\/9269"}],"wp:attachment":[{"href":"https:\/\/www.infraestruturameioambiente.sp.gov.br\/institutogeologico\/wp-json\/wp\/v2\/media?parent=6716"}],"wp:term":[{"taxonomy":"category","embeddable":true,"href":"https:\/\/www.infraestruturameioambiente.sp.gov.br\/institutogeologico\/wp-json\/wp\/v2\/categories?post=6716"},{"taxonomy":"post_tag","embeddable":true,"href":"https:\/\/www.infraestruturameioambiente.sp.gov.br\/institutogeologico\/wp-json\/wp\/v2\/tags?post=6716"}],"curies":[{"name":"wp","href":"https:\/\/api.w.org\/{rel}","templated":true}]}}